{"id":969,"date":"2011-11-04T19:49:29","date_gmt":"2011-11-04T19:49:29","guid":{"rendered":"http:\/\/andreasernst.com\/?p=969"},"modified":"2011-11-04T19:49:29","modified_gmt":"2011-11-04T19:49:29","slug":"furchterliches-00","status":"publish","type":"post","link":"https:\/\/andreasernst.com\/?p=969","title":{"rendered":"F\u00fcrchterliches 0:0"},"content":{"rendered":"<p>Ich liebe meinen Job sehr. Aber f\u00fcr DerWesten und die WAZ-Lokalredaktion Gelsenkirchen \u00fcber das f\u00fcrchterliche, blamable, grauenhafte 0:0 des FC Schalke 04 in der Europa League gegen den Fu\u00dfball-Zwerg AEK Larnaka aus Zypern berichten zu m\u00fcssen, war kein Spa\u00df.<\/p>\n<p>Meine Einzelkritik &#8211; in die Redaktionen gemailt mit dem Schlusspfiff &#8211; ist dementsprechend ausgefallen, und im Netz <a href=\"http:\/\/www.derwesten.de\/sport\/nur-unnerstall-glaenzte-id6043146.html\" target=\"_blank\">hier<\/a> zu finden. Die Noten vorab: Unnerstall (1)-Uchida (4), Papadopoulos (4), Matip (3,5), Fuchs (4)-Moravek (4), H\u00f6ger (5)-Draxler (4), Jurado (5)-Marica (5), Huntelaar (5). Eingewechselt: Farfan (4), Holtby (4), Baumjohann (-).<\/p>\n<p>Die Stimmen zum Spiel (&#8222;Schalke-Manager Heldt bef\u00fcrchtet Europa-League-Aus&#8220;) gibt es <a href=\"http:\/\/www.derwesten.de\/sport\/fussball\/s04\/schalke-manager-heldt-befuerchtet-europa-league-aus-id6044325.html\" target=\"_blank\">hier<\/a>.<\/p>\n<p>Eine Geschichte \u00fcber Schalkes (mehr als nur) Ersatztorwart Lars Unnerstall (&#8222;Unnerstall ist der einzige Gewinner&#8220;) k\u00f6nnt Ihr <a href=\"http:\/\/www.derwesten.de\/sport\/unnerstall-ist-der-einzige-gewinner-bei-schalke-id6044323.html\" target=\"_blank\">hier<\/a> finden.<\/p>\n<p>Und zum Schluss (in die Redaktionen gemailt um 3 Uhr nachts, 21.05 Uhr ist eben eine echt miese Ansto\u00dfzeit) dann noch eine Story \u00fcber die entt\u00e4uschenden Ciprian Marica und Jose Manuel Jurado &#8211; <a href=\"http:\/\/www.derwesten.de\/sport\/fussball\/s04\/schalkes-problemfaelle-sind-marica-und-jurado-id6044720.html\" target=\"_blank\">hier<\/a>. Die \u00dcberschrift: &#8222;Schalkes Problemf\u00e4lle sind Marica und Jurado&#8220;.<\/p>\n","protected":false},"excerpt":{"rendered":"<p>Ich liebe meinen Job sehr. Aber f\u00fcr DerWesten und die WAZ-Lokalredaktion Gelsenkirchen \u00fcber das f\u00fcrchterliche, blamable, grauenhafte 0:0 des FC Schalke 04 in der Europa League gegen den Fu\u00dfball-Zwerg AEK Larnaka aus Zypern berichten zu m\u00fcssen, war kein Spa\u00df. Meine &hellip; <a href=\"https:\/\/andreasernst.com\/?p=969\">Weiterlesen <span class=\"meta-nav\">&rarr;<\/span><\/a><\/p>\n","protected":false},"author":1,"featured_media":0,"comment_status":"open","ping_status":"open","sticky":false,"template":"","format":"standard","meta":{"ngg_post_thumbnail":0,"footnotes":""},"categories":[1,4,3,112,6],"tags":[193,192,40,195],"class_list":["post-969","post","type-post","status-publish","format-standard","hentry","category-allgemein","category-fc-schalke-04","category-fusball","category-gelsenkirchen","category-ruhrgebiet","tag-fc-schalke-04","tag-fusball","tag-horst-heldt","tag-ruhrgebiet"],"_links":{"self":[{"href":"https:\/\/andreasernst.com\/index.php?rest_route=\/wp\/v2\/posts\/969","targetHints":{"allow":["GET"]}}],"collection":[{"href":"https:\/\/andreasernst.com\/index.php?rest_route=\/wp\/v2\/posts"}],"about":[{"href":"https:\/\/andreasernst.com\/index.php?rest_route=\/wp\/v2\/types\/post"}],"author":[{"embeddable":true,"href":"https:\/\/andreasernst.com\/index.php?rest_route=\/wp\/v2\/users\/1"}],"replies":[{"embeddable":true,"href":"https:\/\/andreasernst.com\/index.php?rest_route=%2Fwp%2Fv2%2Fcomments&post=969"}],"version-history":[{"count":1,"href":"https:\/\/andreasernst.com\/index.php?rest_route=\/wp\/v2\/posts\/969\/revisions"}],"predecessor-version":[{"id":970,"href":"https:\/\/andreasernst.com\/index.php?rest_route=\/wp\/v2\/posts\/969\/revisions\/970"}],"wp:attachment":[{"href":"https:\/\/andreasernst.com\/index.php?rest_route=%2Fwp%2Fv2%2Fmedia&parent=969"}],"wp:term":[{"taxonomy":"category","embeddable":true,"href":"https:\/\/andreasernst.com\/index.php?rest_route=%2Fwp%2Fv2%2Fcategories&post=969"},{"taxonomy":"post_tag","embeddable":true,"href":"https:\/\/andreasernst.com\/index.php?rest_route=%2Fwp%2Fv2%2Ftags&post=969"}],"curies":[{"name":"wp","href":"https:\/\/api.w.org\/{rel}","templated":true}]}}