{"id":876,"date":"2011-09-01T14:57:28","date_gmt":"2011-09-01T14:57:28","guid":{"rendered":"http:\/\/andreasernst.com\/?p=876"},"modified":"2011-10-21T15:01:25","modified_gmt":"2011-10-21T15:01:25","slug":"mein-weekend","status":"publish","type":"post","link":"https:\/\/andreasernst.com\/?p=876","title":{"rendered":"Mein Weekend"},"content":{"rendered":"<p>F\u00fcr die WAZ\/WR Castrop-Rauxel entwickelte ich das Blog &#8222;Mein Castrop-Rauxel&#8220;, das &#8211; damals einmalig auf waz.de (Vorg\u00e4ngerportal von DerWesten) &#8211; unter dem Motto &#8222;Mein Castrop-Rauxel&#8220; stand. Ich berichtete t\u00e4glich \u00fcber meine Erlebnisse in der &#8222;Europastadt im Gr\u00fcnen&#8220; &#8211; Teile davon erschienen (mit meinem Foto) auch in der Print-Ausgabe.<\/p>\n<p>Leider sind die Blog-Eintr\u00e4ge nicht mehr im DerWesten-Archiv zu finden, weil die Community abgeschaltet wurde.<\/p>\n<p>Dieser Eintrag ist vom 10. August 2007:<\/p>\n<p><strong><span style=\"font-family: Arial,Helvetica;\"><span>I can\u2019t wait for the weekend to begin. Ich kann nicht abwarten, bis das Wochenende beginnt. Und JETZT beginnt\u2019s. Am Freitag lernte ich alle weiterf\u00fchrenden Schulen Castrop-Rauxels auswendig.<\/span><\/span><\/strong><\/p>\n<p><span style=\"font-family: Arial,Helvetica;\"><span>&#8222;Es gibt da dieses eine Lied. Es kommt jeden Montag, jeden Morgen, gef\u00fchlt jedes Mal w\u00e4hrend des Fr\u00fchst\u00fccks. Die Melodie geht etwa so: \u201cDiiidippdippdidiiiiidippdippdidiii\u201d undsoweiterundsoweiter. Und dann kommt dieser Refrain: \u201cI can\u2019t wait for the weekend to begin\u201d. Ich kann nicht abwarten, bis das Wochenende beginnt. An einem stinknormalen Montagmorgen ist dieser Song selbstverst\u00e4ndlich der blanke Horror. Du hast gerade einen wundersch\u00f6nen Samstag hinter dir, in der Bundesliga hat der VfL Bochum triumphal gewonnen (leider kommt das viel zu selten vor). Am Sonntag folgen Treffen mit Freunden, die w\u00e4hrend der Woche viel zu kurz kommen, dann schaue ich mir meistens die Spiele des M\u00fclheimer Fu\u00dfball-Oberligisten VfB Speldorf an, herrlich. Und dann am Montagmorgen dieses Lied. Horror, ich sag\u2019s ja.<\/span><\/span><br \/>\n<span style=\"font-family: Arial,Helvetica;\"><span>Damit der Song nicht nur negativ konnotiert, also mit dem Wort \u201cmiiiies\u201d verbunden ist, habe ich ihn mir auf eine CD gebrannt. Und h\u00f6re es heute. Auf dem Weg zur Redaktion. Auf dem Weg in die Castrop-Rauxeler Altstadt. Immer und immer wieder. Na klar bin freue ich mich auf Samstag (Saisonstart! VfL Bochum gegen SV Werder Bremen) und Sonntag (Oberliga, Revierderby! VfB Speldorf gegen ETB Schwarz-Wei\u00df Essen), aber heute ist Freitag &#8211; und f\u00fcr mich wird es endlich Zeit f\u00fcr eine weitere Nachhilfestunde in Sachen Castrop-Rauxel.<\/span><\/span><\/p>\n<p><span style=\"font-family: Arial,Helvetica;\"><span>Die weiterf\u00fchrenden Schulen sind heute an der Reihe. Schon vorgestern (gestern nicht: REGEN!) ist\u2019s mir aufgefallen. Vermehrt laufen junge, ganz junge Menschen mit Rucks\u00e4cken durch die Altstadt. Das hei\u00dft: Die Schule hat begonnen. Seit ich selbst das Abizeugnis in M\u00fclheim in Empfang nahm, sausen die Ferienzeiten in Formel-1-Tempo an mir vorbei. Jedenfalls unterrichten die Lehrer wieder &#8211; und es wird Zeit f\u00fcr Schulthemen in unserer Lokalausgaben. <\/span><\/span><\/p>\n<p><span style=\"font-family: Arial,Helvetica;\"><span>Ich nutze die Gelegenheit, um herauszufinden, wie viele weiterf\u00fchrende Schulen es hier \u00fcberhaupt gibt. Schnell gecheckt\u2026 und die richtige Zahl lautet: \u201c8\u201d &#8211; zwei jeder Schulform, alle sind nach ber\u00fchmten Personen benannt. Soll ich alle aufz\u00e4hlen? Nein? \u00c4tsch, ich mach\u2019s trotzdem: Da w\u00e4ren das ASG (Adalbert-Stifter-Gymnasium), das Ernst-Barlach-Gymnasium, die Fridtjof-Nansen-Realschule, die 2005 er\u00f6ffnete Johannes-Rau-Realschule, die Willy-Brandt-Gesamtschule, die Janusz-Korczak-Gesamtschule, die Franz-Hillebrand-Hauptschule und die Schillerschule. Puh, geschafft.<\/span><\/span><br \/>\n<span style=\"font-family: Arial,Helvetica;\"><span>Seit Anfang der Woche &#8211; p\u00fcnktlich zum Schulbeginn &#8211; wird dar\u00fcber diskutiert, ob der Unterricht am Samstag wieder eingef\u00fchrt werden soll. Im Moment ist\u2019s ruhig auf den Schulh\u00f6fen in NRW am sechsten Tag der Woche, also auch in Castrop-Rauxel. \u00c4ndert sich das? Was denken die Beteiligten? Direkt in der Altstadt soll ein Gymnasium sein, komisch, das ist mir noch nie aufgefallen. Der Fotograf und ich ziehen los, und tats\u00e4chlich, kurz hinter dem Marktplatz, stehen die Geb\u00e4ude des Adalbert-Stifter-Gymnasiums, kurz ASG. Ach daaaaas ist eine Schule. Wir kommen zu einer ung\u00fcnstigen Zeit, im Moment ist keine Unterrichtspause. Dennoch begegnen wir vier Sch\u00fclern der Jahrgangsstufe zw\u00f6lf. Wir \u00fcberraschen sie in einer Freistunde.<\/span><\/span><\/p>\n<p><span style=\"font-family: Arial,Helvetica;\"><span>Mathias mampft Nudeln aus einem Plastikteller. Er und seine Freunde Janis, Patrick und Tobias weisen die Idee der Schulministerin Barbara Sommer strikt zur\u00fcck. \u201cIch brauche den Samstag zum Ausschlafen\u201d, sagt der eine. \u201cWir k\u00f6nnen ruhig w\u00e4hrend der Woche l\u00e4nger machen. Das ist Gewohnheit. Da brauchen wir keine Entlastung\u201d, meint der zweite. \u201cWir haben hier immer den Tag der offenen T\u00fcr am Samstag, drei Stunden lang. Das geht gaaaaar nicht\u201d, erkl\u00e4rt der dritte der Gruppe. Matthias legt kurz die Gabel zur Seite und merkt ganz trocken an: \u201cSollen sie das ruhig einf\u00fchren. Aber erst in zwei Jahren, denn da mache ich Abi.\u201d Wo sind eigentlich die jungen Frauen der Stufe zw\u00f6lf? \u201cBestimmt im Caf\u00e9 Balzac am Markt\u201d, sagt Mathias. Stimmt, darauf bin ich noch gar nicht gekommen. Von unserem Caf\u00e9-Test meiner ersten Woche in Castrop-Rauxel sind mir die verschiedenen M\u00f6glichkeiten in der Altstadt noch gut bekannt.<\/span><\/span><\/p>\n<p><span style=\"font-family: Arial,Helvetica;\"><span>Hier gibt es verlockende M\u00f6glichkeiten, die Freistunde auszudehnen. Meine Ex-Schule in M\u00fclheim steht auf einem H\u00fcgel, ziemlich weit von der City weg, \u00fcberhaupt weit von jeglicher Art von Caf\u00e9 entfernt.<\/span><\/span><br \/>\n<span style=\"font-family: Arial,Helvetica;\"><span>Wir verlassen den Schulhof, lassen die Jungs weiter entspannen. Ich selbst hatte bis zur Jahrgangsstufe elf noch Unterricht am Samstag, alle zwei Wochen. Zwei Stunden Religion in der 3. und 4. Stunde, also bis 11.25 Uhr &#8211; und direkt danach ab zum VfL. Lustig war das nicht. Egal. Wir laufen durch die Altstadt zur\u00fcck zur Redaktion, vorbei an zahlreichen Sch\u00fclerinnen und Sch\u00fclern (heute fallen die mir &#8211; komisch &#8211; ganz besonders auf). Mal schauen, was die \u00fcbrigen Beteiligten in Castrop-Rauxel so glauben. Ich setze mich ans Telefon und f\u00fchre Gespr\u00e4che. Eins nach dem anderen. Mit Schulleitern, einer Elternvertreterin. Die Meinungen sind eindeutig: Niemand pl\u00e4dert f\u00fcr die Wiedereinf\u00fchrung einer Sechs-Tage-Woche. Ich nehme den H\u00f6rer ab, w\u00e4hle eine Nummer, spreche, lege auf &#8211; und wieder von vorn. So geht das den ganzen restlichen Tag. Aber das macht nichts. Mit dem Wochenende am Horizont l\u00e4sst sich\u2019s doch viel leichter arbeiten, viel leichter eintippen.<\/span><\/span><br \/>\n<span style=\"font-family: Arial,Helvetica;\"><span>I can\u2019t wait for the weekend to begin.<\/span><\/span><\/p>\n<p><span style=\"font-family: Arial,Helvetica;\"><span>Notiert meinen Tipp: VfL Bochum &#8211; SV Werder Bremen 2:1. Schlie\u00dflich bereitet sich der VfL in der Nacht von Freitag auf Samstag in Castrop-Rauxel im \u201cHotel Goldschmieding\u201d in Altstadt-N\u00e4he vor. Und da ist\u2019s ruhig, ich wei\u00df es. Die Castroper Luft wird\u2019s richten!<\/span><\/span><br \/>\n<span style=\"font-family: Arial,Helvetica;\"><span>Jetzt habe ich \u201cweekend\u201d. Wochenende. Doch ich komme wieder, keine Frage!&#8220;<\/span><\/span><\/p>\n","protected":false},"excerpt":{"rendered":"<p>F\u00fcr die WAZ\/WR Castrop-Rauxel entwickelte ich das Blog &#8222;Mein Castrop-Rauxel&#8220;, das &#8211; damals einmalig auf waz.de (Vorg\u00e4ngerportal von DerWesten) &#8211; unter dem Motto &#8222;Mein Castrop-Rauxel&#8220; stand. Ich berichtete t\u00e4glich \u00fcber meine Erlebnisse in der &#8222;Europastadt im Gr\u00fcnen&#8220; &#8211; Teile davon &hellip; <a href=\"https:\/\/andreasernst.com\/?p=876\">Weiterlesen <span class=\"meta-nav\">&rarr;<\/span><\/a><\/p>\n","protected":false},"author":1,"featured_media":0,"comment_status":"open","ping_status":"open","sticky":false,"template":"","format":"standard","meta":{"ngg_post_thumbnail":0,"footnotes":""},"categories":[1,126,117,6,7],"tags":[210],"class_list":["post-876","post","type-post","status-publish","format-standard","hentry","category-allgemein","category-blog-damals","category-castrop-rauxel","category-ruhrgebiet","category-geschichten","tag-castrop-rauxel"],"_links":{"self":[{"href":"https:\/\/andreasernst.com\/index.php?rest_route=\/wp\/v2\/posts\/876","targetHints":{"allow":["GET"]}}],"collection":[{"href":"https:\/\/andreasernst.com\/index.php?rest_route=\/wp\/v2\/posts"}],"about":[{"href":"https:\/\/andreasernst.com\/index.php?rest_route=\/wp\/v2\/types\/post"}],"author":[{"embeddable":true,"href":"https:\/\/andreasernst.com\/index.php?rest_route=\/wp\/v2\/users\/1"}],"replies":[{"embeddable":true,"href":"https:\/\/andreasernst.com\/index.php?rest_route=%2Fwp%2Fv2%2Fcomments&post=876"}],"version-history":[{"count":1,"href":"https:\/\/andreasernst.com\/index.php?rest_route=\/wp\/v2\/posts\/876\/revisions"}],"predecessor-version":[{"id":877,"href":"https:\/\/andreasernst.com\/index.php?rest_route=\/wp\/v2\/posts\/876\/revisions\/877"}],"wp:attachment":[{"href":"https:\/\/andreasernst.com\/index.php?rest_route=%2Fwp%2Fv2%2Fmedia&parent=876"}],"wp:term":[{"taxonomy":"category","embeddable":true,"href":"https:\/\/andreasernst.com\/index.php?rest_route=%2Fwp%2Fv2%2Fcategories&post=876"},{"taxonomy":"post_tag","embeddable":true,"href":"https:\/\/andreasernst.com\/index.php?rest_route=%2Fwp%2Fv2%2Ftags&post=876"}],"curies":[{"name":"wp","href":"https:\/\/api.w.org\/{rel}","templated":true}]}}