{"id":84,"date":"2011-09-04T09:44:46","date_gmt":"2011-09-04T09:44:46","guid":{"rendered":"http:\/\/andreasernst.com\/?p=84"},"modified":"2011-10-14T23:22:40","modified_gmt":"2011-10-14T23:22:40","slug":"schalke-1-gladbach-0-rauuul","status":"publish","type":"post","link":"https:\/\/andreasernst.com\/?p=84","title":{"rendered":"Schalke 1, Gladbach 0 &#8211; Ra\u00fa\u00fa\u00fal"},"content":{"rendered":"<p>F\u00fcr die WAZ und die WAZ-Lokalredaktion Gelsenkirchen schrieb ich \u00fcber das Bundesligaspiel Schalke 04 gegen Borussia M\u00f6nchengladbach (1:0).<\/p>\n<p>Zur Schalker Einzelkritik &#8211; auch erschienen in der WAZ Gelsenkirchen &#8211; geht es <a href=\"http:\/\/www.derwesten.de\/sport\/fussball\/s04\/Ra-l-war-der-Schalker-Held-des-Tages-id5004418.html\">hier<\/a>.<\/p>\n<p>Zur Gladbacher Einzelkritik geht es <a href=\"http:\/\/www.derwesten.de\/sport\/fussball\/gladbach\/Reus-war-der-beste-Gladbacher-id5005078.html\">hier<\/a>.<\/p>\n<p>Zu einem Text \u00fcber das Gerangel zwischen Alex Baumjohann und Gladbachs Trainer Lucien Favre geht es <a href=\"http:\/\/www.derwesten.de\/sport\/fussball\/gladbach\/Warum-sich-Gladbachs-Favre-Baumjohann-schnappte-id5008016.html\">hier<\/a>.<\/p>\n<p>Die gesammelten Stimmen zum Spiel gibt es <a href=\"http:\/\/www.derwesten.de\/sport\/fussball\/gladbach\/Favre-will-mit-Gladbach-noch-viel-arbeiten-id5007906.html\">hier<\/a>.<\/p>\n","protected":false},"excerpt":{"rendered":"<p>F\u00fcr die WAZ und die WAZ-Lokalredaktion Gelsenkirchen schrieb ich \u00fcber das Bundesligaspiel Schalke 04 gegen Borussia M\u00f6nchengladbach (1:0). Zur Schalker Einzelkritik &#8211; auch erschienen in der WAZ Gelsenkirchen &#8211; geht es hier. Zur Gladbacher Einzelkritik geht es hier. Zu einem &hellip; <a href=\"https:\/\/andreasernst.com\/?p=84\">Weiterlesen <span class=\"meta-nav\">&rarr;<\/span><\/a><\/p>\n","protected":false},"author":1,"featured_media":0,"comment_status":"open","ping_status":"open","sticky":false,"template":"","format":"standard","meta":{"ngg_post_thumbnail":0,"footnotes":""},"categories":[1,4,3,112,24,6],"tags":[23,26,21,193,40,33,22],"class_list":["post-84","post","type-post","status-publish","format-standard","hentry","category-allgemein","category-fc-schalke-04","category-fusball","category-gelsenkirchen","category-monchengladbach","category-ruhrgebiet","tag-bobadilla","tag-borussia-monchengladbach","tag-favre","tag-fc-schalke-04","tag-horst-heldt","tag-raul","tag-reus"],"_links":{"self":[{"href":"https:\/\/andreasernst.com\/index.php?rest_route=\/wp\/v2\/posts\/84","targetHints":{"allow":["GET"]}}],"collection":[{"href":"https:\/\/andreasernst.com\/index.php?rest_route=\/wp\/v2\/posts"}],"about":[{"href":"https:\/\/andreasernst.com\/index.php?rest_route=\/wp\/v2\/types\/post"}],"author":[{"embeddable":true,"href":"https:\/\/andreasernst.com\/index.php?rest_route=\/wp\/v2\/users\/1"}],"replies":[{"embeddable":true,"href":"https:\/\/andreasernst.com\/index.php?rest_route=%2Fwp%2Fv2%2Fcomments&post=84"}],"version-history":[{"count":3,"href":"https:\/\/andreasernst.com\/index.php?rest_route=\/wp\/v2\/posts\/84\/revisions"}],"predecessor-version":[{"id":646,"href":"https:\/\/andreasernst.com\/index.php?rest_route=\/wp\/v2\/posts\/84\/revisions\/646"}],"wp:attachment":[{"href":"https:\/\/andreasernst.com\/index.php?rest_route=%2Fwp%2Fv2%2Fmedia&parent=84"}],"wp:term":[{"taxonomy":"category","embeddable":true,"href":"https:\/\/andreasernst.com\/index.php?rest_route=%2Fwp%2Fv2%2Fcategories&post=84"},{"taxonomy":"post_tag","embeddable":true,"href":"https:\/\/andreasernst.com\/index.php?rest_route=%2Fwp%2Fv2%2Ftags&post=84"}],"curies":[{"name":"wp","href":"https:\/\/api.w.org\/{rel}","templated":true}]}}