{"id":526,"date":"2011-09-23T21:53:34","date_gmt":"2011-09-23T21:53:34","guid":{"rendered":"http:\/\/andreasernst.com\/?p=526"},"modified":"2011-10-14T23:22:12","modified_gmt":"2011-10-14T23:22:12","slug":"trainerwechsel-auf-schalke","status":"publish","type":"post","link":"https:\/\/andreasernst.com\/?p=526","title":{"rendered":"Trainerwechsel auf Schalke"},"content":{"rendered":"<p>In meinem 16. Monat als Schalke-Reporter erlebte ich bereits den zweiten Trainerwechsel bei den K\u00f6nigsblauen. Ralf Rangnick trat am 22. September 2011, am Tag der ersten Rede eines Papstes im Bundestag, wegen eines &#8222;vegetativen Ersch\u00f6pfungssyndroms&#8220; (kurz: Burnout) zur\u00fcck.<\/p>\n<p>Nachdem die Kollegen in Essen Rangnicks R\u00fccktritt zun\u00e4chst per Eilmeldung und Kurzzusammenfassung der Schalker Pressemitteilung &#8211; zwischen 9.15 und 10 Uhr &#8211; verk\u00fcndet hatten, begleitete ich (in einer anstrengenden Sp\u00e4t-\/Nachtdienst-Woche via iPhone unsanft aus dem Bett geholt&#8230;) diesen sehr pl\u00f6tzlichen Trainerwechsel<\/p>\n<p>&#8211; mit einem viel beachteten und gelesenen <a href=\"http:\/\/www.derwesten.de\/sport\/fussball\/s04\/Ralf-Rangnick-ist-koerperlich-am-Ende-id5087981.html\" target=\"_blank\">Live-Ticker von der Pressekonferenz<\/a> (die um kurz vor 10 Uhr auf 11.30 Uhr angesetzt wurde) mit Manager Horst Heldt, Rangnick-Berater Oliver Mintzlaff und Mannschaftsarzt Dr. Thorsten Rarreck (&#8222;Rangnick ist ,k\u00f6rperlich am Ende'&#8220;)<\/p>\n<p>&#8211; und (nach Absprache mit den Print-Redakteuren) mit einem <a href=\"http:\/\/www.derwesten.de\/sport\/fussball\/s04\/Schalkes-Co-Trainer-Eichkorn-uebernimmt-vorerst-id5088126.html\" target=\"_blank\">einordnenden Text<\/a> \u00fcber die Pressekonferenz mit den wichtigsten Zitaten und Informationen &#8211; unmittelbar danach verfasst (&#8222;Eichkorn \u00fcbernimmt vorerst&#8220;).<\/p>\n<p>&#8211; Au\u00dferdem aktualisierte ich eine <a href=\"http:\/\/www.derwesten.de\/sport\/fussball\/s04\/Ralf-Rangnick-tritt-ab-id4425444.html\" target=\"_blank\">&#8222;Karriere-Fotostrecke&#8220;<\/a> \u00fcber Ralf Rangnick, die ich bei Rangnicks Amtsantritt erstellt hatte (jetzt mit dem neuen Titel &#8222;Rangnick tritt ab&#8220;) und<\/p>\n<p>&#8211; legte eine Umfrage an (&#8222;Wer soll neuer Schalke-Trainer werden?&#8220;). Auf diese Umfrage kann ich nat\u00fcrlich nicht mehr verlinken&#8230;<\/p>\n<p>Die Print-Kollegen \u00fcbernahmen dann mit weiteren Analysen &#8211; w\u00e4hrend ich regul\u00e4r zum Sp\u00e4tdienst in der Redaktion erschien. Das seit langem verabredete Mittagessen mit meinem Bruder in der Essener City musste ich allerdings absagen.<\/p>\n","protected":false},"excerpt":{"rendered":"<p>In meinem 16. Monat als Schalke-Reporter erlebte ich bereits den zweiten Trainerwechsel bei den K\u00f6nigsblauen. Ralf Rangnick trat am 22. September 2011, am Tag der ersten Rede eines Papstes im Bundestag, wegen eines &#8222;vegetativen Ersch\u00f6pfungssyndroms&#8220; (kurz: Burnout) zur\u00fcck. Nachdem die &hellip; <a href=\"https:\/\/andreasernst.com\/?p=526\">Weiterlesen <span class=\"meta-nav\">&rarr;<\/span><\/a><\/p>\n","protected":false},"author":1,"featured_media":0,"comment_status":"open","ping_status":"open","sticky":false,"template":"","format":"standard","meta":{"ngg_post_thumbnail":0,"footnotes":""},"categories":[1,4,3,112,6],"tags":[193,192,40,41],"class_list":["post-526","post","type-post","status-publish","format-standard","hentry","category-allgemein","category-fc-schalke-04","category-fusball","category-gelsenkirchen","category-ruhrgebiet","tag-fc-schalke-04","tag-fusball","tag-horst-heldt","tag-rangnick"],"_links":{"self":[{"href":"https:\/\/andreasernst.com\/index.php?rest_route=\/wp\/v2\/posts\/526","targetHints":{"allow":["GET"]}}],"collection":[{"href":"https:\/\/andreasernst.com\/index.php?rest_route=\/wp\/v2\/posts"}],"about":[{"href":"https:\/\/andreasernst.com\/index.php?rest_route=\/wp\/v2\/types\/post"}],"author":[{"embeddable":true,"href":"https:\/\/andreasernst.com\/index.php?rest_route=\/wp\/v2\/users\/1"}],"replies":[{"embeddable":true,"href":"https:\/\/andreasernst.com\/index.php?rest_route=%2Fwp%2Fv2%2Fcomments&post=526"}],"version-history":[{"count":4,"href":"https:\/\/andreasernst.com\/index.php?rest_route=\/wp\/v2\/posts\/526\/revisions"}],"predecessor-version":[{"id":528,"href":"https:\/\/andreasernst.com\/index.php?rest_route=\/wp\/v2\/posts\/526\/revisions\/528"}],"wp:attachment":[{"href":"https:\/\/andreasernst.com\/index.php?rest_route=%2Fwp%2Fv2%2Fmedia&parent=526"}],"wp:term":[{"taxonomy":"category","embeddable":true,"href":"https:\/\/andreasernst.com\/index.php?rest_route=%2Fwp%2Fv2%2Fcategories&post=526"},{"taxonomy":"post_tag","embeddable":true,"href":"https:\/\/andreasernst.com\/index.php?rest_route=%2Fwp%2Fv2%2Ftags&post=526"}],"curies":[{"name":"wp","href":"https:\/\/api.w.org\/{rel}","templated":true}]}}