{"id":523,"date":"2011-09-25T21:48:43","date_gmt":"2011-09-25T21:48:43","guid":{"rendered":"http:\/\/andreasernst.com\/?p=523"},"modified":"2011-10-14T23:22:03","modified_gmt":"2011-10-14T23:22:03","slug":"spiel-1-nach-ralf-rangnick","status":"publish","type":"post","link":"https:\/\/andreasernst.com\/?p=523","title":{"rendered":"Spiel 1 nach Ralf Rangnick"},"content":{"rendered":"<p>F\u00fcr DerWesten und die WAZ-Lokalredaktion Gelsenkirchen berichtete ich \u00fcber das Bundesligaspiel zwischen dem FC Schalke 04 und dem SC Freiburg (4:2). Es war das erste Spiel nach dem Burnout-R\u00fccktritt von Ralf Rangnick.<\/p>\n<p>Zur ausf\u00fchrlichen Einzelkritik der Schalker Spieler geht es <a href=\"http:\/\/www.derwesten.de\/sport\/fussball\/s04\/Farfan-und-Ra-l-die-besten-Schalker-id5094417.html\" target=\"_blank\">hier<\/a> (fertiggestellt mit dem Schlusspfiff, sp\u00e4ter gek\u00fcrzt f\u00fcr die Montag-Ausgabe der WAZ Gelsenkirchen). Die Noten vorab: F\u00e4hrmann (3,5)-Uchida (3), H\u00f6wedes (4), Matip (4,5), Fuchs (3,5)-Papadopoulos (4,5), Kluge (4)-Farfan (1,5), Ra\u00fal (2), Holtby (3)-Huntelaar (3). Eingewechselt: Metzelder (3), Jurado (3), Marica (-).<\/p>\n<p>Eine Reportage \u00fcber die turbulente Woche von Schalke-Manager Horst Heldt &#8211; exklusiv verfasst f\u00fcr DerWesten &#8211; steht <a href=\"http:\/\/www.derwesten.de\/sport\/fussball\/s04\/Heldts-schwierigste-Woche-als-Schalke-Manager-id5095320.html\" target=\"_blank\">hier<\/a>.<\/p>\n<p>Die Splitter zum Spiel &#8211; zum Beispiel mit der Antwort auf die Frage, warum Horst Heldt diesmal auf der Bank sa\u00df, steht <a href=\"http:\/\/www.derwesten.de\/sport\/fussball\/s04\/Warum-Schalke-Manager-Heldt-auf-der-Bank-sass-id5095264.html\" target=\"_blank\">hier<\/a>.<\/p>\n<p>Die in der Pressekonferenz und in der Mixed Zone gesammelten Stimmen zum Spiel gibt es <a href=\"http:\/\/www.derwesten.de\/sport\/fussball\/s04\/Schalke-Trainer-Eichkorn-bedankt-sich-bei-Faehrmann-id5095248.html\" target=\"_blank\">hier<\/a>.<\/p>\n","protected":false},"excerpt":{"rendered":"<p>F\u00fcr DerWesten und die WAZ-Lokalredaktion Gelsenkirchen berichtete ich \u00fcber das Bundesligaspiel zwischen dem FC Schalke 04 und dem SC Freiburg (4:2). Es war das erste Spiel nach dem Burnout-R\u00fccktritt von Ralf Rangnick. Zur ausf\u00fchrlichen Einzelkritik der Schalker Spieler geht es &hellip; <a href=\"https:\/\/andreasernst.com\/?p=523\">Weiterlesen <span class=\"meta-nav\">&rarr;<\/span><\/a><\/p>\n","protected":false},"author":1,"featured_media":0,"comment_status":"open","ping_status":"open","sticky":false,"template":"","format":"standard","meta":{"ngg_post_thumbnail":0,"footnotes":""},"categories":[1,4,3,112,6],"tags":[193,192,40,32,41,33,195,106],"class_list":["post-523","post","type-post","status-publish","format-standard","hentry","category-allgemein","category-fc-schalke-04","category-fusball","category-gelsenkirchen","category-ruhrgebiet","tag-fc-schalke-04","tag-fusball","tag-horst-heldt","tag-huntelaar","tag-rangnick","tag-raul","tag-ruhrgebiet","tag-schalke"],"_links":{"self":[{"href":"https:\/\/andreasernst.com\/index.php?rest_route=\/wp\/v2\/posts\/523","targetHints":{"allow":["GET"]}}],"collection":[{"href":"https:\/\/andreasernst.com\/index.php?rest_route=\/wp\/v2\/posts"}],"about":[{"href":"https:\/\/andreasernst.com\/index.php?rest_route=\/wp\/v2\/types\/post"}],"author":[{"embeddable":true,"href":"https:\/\/andreasernst.com\/index.php?rest_route=\/wp\/v2\/users\/1"}],"replies":[{"embeddable":true,"href":"https:\/\/andreasernst.com\/index.php?rest_route=%2Fwp%2Fv2%2Fcomments&post=523"}],"version-history":[{"count":2,"href":"https:\/\/andreasernst.com\/index.php?rest_route=\/wp\/v2\/posts\/523\/revisions"}],"predecessor-version":[{"id":642,"href":"https:\/\/andreasernst.com\/index.php?rest_route=\/wp\/v2\/posts\/523\/revisions\/642"}],"wp:attachment":[{"href":"https:\/\/andreasernst.com\/index.php?rest_route=%2Fwp%2Fv2%2Fmedia&parent=523"}],"wp:term":[{"taxonomy":"category","embeddable":true,"href":"https:\/\/andreasernst.com\/index.php?rest_route=%2Fwp%2Fv2%2Fcategories&post=523"},{"taxonomy":"post_tag","embeddable":true,"href":"https:\/\/andreasernst.com\/index.php?rest_route=%2Fwp%2Fv2%2Ftags&post=523"}],"curies":[{"name":"wp","href":"https:\/\/api.w.org\/{rel}","templated":true}]}}