{"id":4815,"date":"2020-10-19T15:03:21","date_gmt":"2020-10-19T13:03:21","guid":{"rendered":"http:\/\/andreasernst.com\/?p=4815"},"modified":"2020-10-19T15:03:21","modified_gmt":"2020-10-19T13:03:21","slug":"inside-report-wie-ein-trainingslager-fuer-reporter-aussieht","status":"publish","type":"post","link":"https:\/\/andreasernst.com\/?p=4815","title":{"rendered":"Inside-Report: Wie ein Trainingslager f\u00fcr Reporter aussieht"},"content":{"rendered":"<div id=\"attachment_4802\" style=\"width: 310px\" class=\"wp-caption alignright\"><img loading=\"lazy\" decoding=\"async\" aria-describedby=\"caption-attachment-4802\" class=\"size-medium wp-image-4802\" src=\"http:\/\/andreasernst.com\/wordpress\/WordpressLatest\/wp-content\/uploads\/2020\/10\/24816B91-1836-46F3-B488-11E06173C48C-e1603111997544-300x225.jpeg\" alt=\"Mittendrin.\" width=\"300\" height=\"225\" srcset=\"https:\/\/andreasernst.com\/wordpress\/WordpressLatest\/wp-content\/uploads\/2020\/10\/24816B91-1836-46F3-B488-11E06173C48C-e1603111997544-300x225.jpeg 300w, https:\/\/andreasernst.com\/wordpress\/WordpressLatest\/wp-content\/uploads\/2020\/10\/24816B91-1836-46F3-B488-11E06173C48C-e1603111997544-768x577.jpeg 768w, https:\/\/andreasernst.com\/wordpress\/WordpressLatest\/wp-content\/uploads\/2020\/10\/24816B91-1836-46F3-B488-11E06173C48C-e1603111997544-1024x769.jpeg 1024w\" sizes=\"auto, (max-width: 300px) 100vw, 300px\" \/><p id=\"caption-attachment-4802\" class=\"wp-caption-text\">Mittendrin.<\/p><\/div>\n<p>Es gibt ganz viele von Euch, die sich f\u00fcr meine Arbeit interessieren. Also nicht nur konkret f\u00fcr Schalke oder Fu\u00dfball, Taktik, NFL, Seattle, die Seahawks, den VfL Bochum oder Journalismus-Theorie in der digitalen Gegenwart &#8211; sondern einfach: Wie funktioniert deine Arbeit in der Praxis? Vor allem rund um das Trainingslager des FC Schalke 04 im \u00d6tztal (20. bis 29. August) kamen viele dieser Fragen. Meine Homepage kann ich nun perfekt dazu nutzen, Euch n\u00e4herzubringen, wie das Trainingslager f\u00fcr mich ablief, ohne zu viele Interna zu verraten. Und in den Herbstferien habe ich die n\u00f6tige Zeit, das alles aufzuschreiben.<\/p>\n<div id=\"attachment_4814\" style=\"width: 310px\" class=\"wp-caption alignleft\"><img loading=\"lazy\" decoding=\"async\" aria-describedby=\"caption-attachment-4814\" class=\"size-medium wp-image-4814\" src=\"http:\/\/andreasernst.com\/wordpress\/WordpressLatest\/wp-content\/uploads\/2020\/10\/30290BA3-5E24-4E83-BD5E-0FCA760B7595-300x300.jpeg\" alt=\"Sonnenuntergang nach dem Training am sp\u00e4ten Nachmittag.\" width=\"300\" height=\"300\" srcset=\"https:\/\/andreasernst.com\/wordpress\/WordpressLatest\/wp-content\/uploads\/2020\/10\/30290BA3-5E24-4E83-BD5E-0FCA760B7595-300x300.jpeg 300w, https:\/\/andreasernst.com\/wordpress\/WordpressLatest\/wp-content\/uploads\/2020\/10\/30290BA3-5E24-4E83-BD5E-0FCA760B7595-150x150.jpeg 150w, https:\/\/andreasernst.com\/wordpress\/WordpressLatest\/wp-content\/uploads\/2020\/10\/30290BA3-5E24-4E83-BD5E-0FCA760B7595-768x768.jpeg 768w, https:\/\/andreasernst.com\/wordpress\/WordpressLatest\/wp-content\/uploads\/2020\/10\/30290BA3-5E24-4E83-BD5E-0FCA760B7595-1024x1024.jpeg 1024w, https:\/\/andreasernst.com\/wordpress\/WordpressLatest\/wp-content\/uploads\/2020\/10\/30290BA3-5E24-4E83-BD5E-0FCA760B7595-144x144.jpeg 144w\" sizes=\"auto, (max-width: 300px) 100vw, 300px\" \/><p id=\"caption-attachment-4814\" class=\"wp-caption-text\">Sonnenuntergang nach dem Training am sp\u00e4ten Nachmittag.<\/p><\/div>\n<p>Also: Ein Trainingslager beginnt f\u00fcr einen Reporter nie erst mit dem Tag der Hinfahrt &#8211; es ist viel Planung (wie funktioniert die Hin- und R\u00fcckfahrt, wo soll die Unterkunft liegen, wie ist die Entfernung zu den Trainings- und Testspiel-Orten etc.; darauf gehe ich aber nicht ein &#8211; nur so viel: Das macht ein Reporter selbst, nur in Ausnahmef\u00e4llen gibt es Angebote eines Reiseb\u00fcros), Absprache (mit den beteiligten Redaktionen; ob Kontaktpersonen\/Quellen zuf\u00e4llig auch in der N\u00e4he sind f\u00fcr ein Pl\u00e4uschchen &#8211; kann in \u00d6sterreich im Sommer mal vorkommen) und Grips (Ideen-Entwicklung) vorher notwendig.<\/p>\n<p>So war es auch diesmal.<\/p>\n<p>F\u00fcr jeden Tag existiert in jedem Trainingslager eine grobe Planung, um nicht in Themen-Not zu geraten. Zahlreiche dieser Texte m\u00fcssen dann noch in Deutschland wenigstens anrecherchiert werden. Diese Planung aber, so habe ich das jedenfalls bisher immer erlebt, wird nie komplett umgesetzt werden k\u00f6nnen &#8211; diesmal war sie sogar aus verschiedenen Gr\u00fcnden bis auf wenige Ausnahmen nahezu komplett hinf\u00e4llig; ich sage nur: Corona-Fall im Spielerkreis.<\/p>\n<div id=\"attachment_4811\" style=\"width: 235px\" class=\"wp-caption alignright\"><img loading=\"lazy\" decoding=\"async\" aria-describedby=\"caption-attachment-4811\" class=\"size-medium wp-image-4811\" src=\"http:\/\/andreasernst.com\/wordpress\/WordpressLatest\/wp-content\/uploads\/2020\/10\/5726ADA4-9489-4022-9CC4-21B0B7225FA5-e1603111947445-225x300.jpeg\" alt=\"Corona-Abstand eingehalten: Schalkes Sportvorstand Jochen Schneider.\" width=\"225\" height=\"300\" srcset=\"https:\/\/andreasernst.com\/wordpress\/WordpressLatest\/wp-content\/uploads\/2020\/10\/5726ADA4-9489-4022-9CC4-21B0B7225FA5-e1603111947445-225x300.jpeg 225w, https:\/\/andreasernst.com\/wordpress\/WordpressLatest\/wp-content\/uploads\/2020\/10\/5726ADA4-9489-4022-9CC4-21B0B7225FA5-e1603111947445-768x1024.jpeg 768w\" sizes=\"auto, (max-width: 225px) 100vw, 225px\" \/><p id=\"caption-attachment-4811\" class=\"wp-caption-text\">Corona-Abstand eingehalten: Schalkes Sportvorstand Jochen Schneider.<\/p><\/div>\n<p>Das Trainingslager in L\u00e4ngenfeld begann am 21. August. Gegen 14 oder 15 Uhr, so hie\u00df es vorher, w\u00fcrde Schalkes Mannschaft am Hotel ankommen. Mit dieser Ankunft beginnt f\u00fcr Reporter die Arbeit, und \u201e21. August \/ 14 Uhr\u201c war meine Richtzeit. Aus Corona-Gr\u00fcnden reiste ich mit dem Mietwagen an und verzichtete auf Zug oder Flug. Um nicht morgens um vier Uhr im Pott losfahren zu m\u00fcssen (Fahrtzeit inklusive Pausen neun bis zehn Stunden), begann meine Fahrt bereits am 20. August. Gegen 20 Uhr verlie\u00df ich M\u00fclheim, \u00fcbernachtete irgendwo in einem Autobahnhotel an der A8 und erreichte L\u00e4ngenfeld ausgeruht gegen 11 Uhr.<\/p>\n<p>Mehrere Faktoren beeinflussen in einem Trainingslager den Tagesablauf &#8211; nat\u00fcrlich ist die eigene Fitness ganz entscheidend, bei zehn Tagen nonstop Aufmerksamkeit vom fr\u00fchen Morgen bis zum sp\u00e4ten Abend mit unruhigem Schlaf kann die schon mal leiden. Ich hatte keine Probleme, toi toi toi. Aber zwei Faktoren sind ganz besonders wichtig: a) die Termine des Vereins f\u00fcr den aktuellen Tag, die diesmal in den meisten F\u00e4llen aber erst am Abend zuvor zwischen 21 und 23 Uhr kamen und b) die W\u00fcnsche der Redaktionen in Deutschland.<\/p>\n<div id=\"attachment_4803\" style=\"width: 310px\" class=\"wp-caption alignleft\"><img loading=\"lazy\" decoding=\"async\" aria-describedby=\"caption-attachment-4803\" class=\"size-medium wp-image-4803\" src=\"http:\/\/andreasernst.com\/wordpress\/WordpressLatest\/wp-content\/uploads\/2020\/10\/82ABB11D-BA45-47FC-8AB3-BD4153B806DF-300x300.jpeg\" alt=\"Die Fischbachbr\u00fccke in L\u00e4ngenfeld passierte ich t\u00e4glich sehr h\u00e4ufig.\" width=\"300\" height=\"300\" srcset=\"https:\/\/andreasernst.com\/wordpress\/WordpressLatest\/wp-content\/uploads\/2020\/10\/82ABB11D-BA45-47FC-8AB3-BD4153B806DF-300x300.jpeg 300w, https:\/\/andreasernst.com\/wordpress\/WordpressLatest\/wp-content\/uploads\/2020\/10\/82ABB11D-BA45-47FC-8AB3-BD4153B806DF-150x150.jpeg 150w, https:\/\/andreasernst.com\/wordpress\/WordpressLatest\/wp-content\/uploads\/2020\/10\/82ABB11D-BA45-47FC-8AB3-BD4153B806DF-768x767.jpeg 768w, https:\/\/andreasernst.com\/wordpress\/WordpressLatest\/wp-content\/uploads\/2020\/10\/82ABB11D-BA45-47FC-8AB3-BD4153B806DF-1024x1024.jpeg 1024w, https:\/\/andreasernst.com\/wordpress\/WordpressLatest\/wp-content\/uploads\/2020\/10\/82ABB11D-BA45-47FC-8AB3-BD4153B806DF-144x144.jpeg 144w\" sizes=\"auto, (max-width: 300px) 100vw, 300px\" \/><p id=\"caption-attachment-4803\" class=\"wp-caption-text\">Die Fischbachbr\u00fccke in L\u00e4ngenfeld passierte ich t\u00e4glich sehr h\u00e4ufig.<\/p><\/div>\n<p>Was sind diese Termine unter a) ? Diesmal: Immer eine Trainingseinheit am Vormittag (ab 10 Uhr, Dauer etwa zwei Stunden), an drei Tagen sogar zwei (10 und 17 Uhr), dazu Testspiele (drei waren geplant, eins wurde es), feste Interviewtermine nach dem Abendessen der Profis (zwei sollten es sein, einer wurde es) und dazu ein (bei allen Profiklubs traditionellen) Medienabend mit Vertretern des Vereins und allen mitgereisten Reportern. Wann die Interviewtermine angesetzt werden, hat sich in den vergangenen Jahren ver\u00e4ndert &#8211; fr\u00fcher waren diese Gespr\u00e4che stets in der Mittagspause zwischen zwei Einheiten. Hat beides Vor- und Nachteile.<\/p>\n<div id=\"attachment_4807\" style=\"width: 310px\" class=\"wp-caption alignright\"><img loading=\"lazy\" decoding=\"async\" aria-describedby=\"caption-attachment-4807\" class=\"size-medium wp-image-4807\" src=\"http:\/\/andreasernst.com\/wordpress\/WordpressLatest\/wp-content\/uploads\/2020\/10\/9894F2AD-16D5-4F2C-A03A-BC1EFE8EB0C5-300x204.jpeg\" alt=\"Corona-Test: negativ.\" width=\"300\" height=\"204\" srcset=\"https:\/\/andreasernst.com\/wordpress\/WordpressLatest\/wp-content\/uploads\/2020\/10\/9894F2AD-16D5-4F2C-A03A-BC1EFE8EB0C5-300x204.jpeg 300w, https:\/\/andreasernst.com\/wordpress\/WordpressLatest\/wp-content\/uploads\/2020\/10\/9894F2AD-16D5-4F2C-A03A-BC1EFE8EB0C5.jpeg 473w\" sizes=\"auto, (max-width: 300px) 100vw, 300px\" \/><p id=\"caption-attachment-4807\" class=\"wp-caption-text\">Corona-Test: negativ.<\/p><\/div>\n<p>Um b) zu pr\u00e4zisieren: Ich schrieb in L\u00e4ngenfeld, als einziger Funke-Mann vor Ort, f\u00fcr mehrere Redaktionen. Die neuesten, aktuellsten Nachrichten ver\u00f6ffentlichte ich in Echtzeit auf den sogenannten Markenportalen von Funke in NRW (<a href=\"http:\/\/waz.de\">waz.de<\/a>, <a href=\"http:\/\/NRZ.de\">NRZ.de<\/a> &amp; Co), mein iPad trug ich deshalb immer bei mir. Und ich schrieb unterwegs deshalb im Caf\u00e9, auf der Trib\u00fcne, im Restaurant, im Auto, auf dem Scho\u00df, im Gehen, einfach \u00fcberall. Auch Social Media z\u00e4hlte selbstverst\u00e4ndlich zu dieser Arbeit (Twitter: AndiErnst, FunkeSport, Facebook: Funke Sport, WAZ auf Schalke, Instagram: AndiErnst). Online und Social Media bedeutet nat\u00fcrlich: Es gibt keinen Ruhetag mehr, in alten 80er\/90er-Zeiten konnten Trainingslager-Reporter an jedem Samstag chillen.<\/p>\n<p>Print-Produkte belieferte ich mehrere: Den Hauptsportteil der NRW-Titel von Funke (WAZ, NRZ, WR, WP); erster Redaktionsschluss 19 Uhr. Da wir auch ein wundervolles ePaper-Produkt am Sonntag ver\u00f6ffentlichen, gibt es auch hier keinen Ruhetag mehr. Zweiter wichtiger Partner: Die WAZ-Lokalredaktion Gelsenkirchen, die t\u00e4glich von Montag bis Samstag eine Seite \u201eWAZ auf Schalke\u201c publiziert. Geplant in dieser Woche: Andi Ernst pur. Auch f\u00fcr die Funke-Kollegen in Berlin, Hamburg, Braunschweig und Erfurt stand ich jederzeit f\u00fcr Textw\u00fcnsche bereit &#8211; und angerufen wurde ich. Die RevierSport-Produktionstage waren Mittwoch und Sonntag (f\u00fcr die Hefte am Montag und Donnerstag). Zudem musste ich in der Zeit in L\u00e4ngenfeld Texte f\u00fcr das RevierSport-Sonderheft und die WAZ-Sonderbeilage zum Bundesliga-Start schreiben. Damit Ihr eine Richtgr\u00f6\u00dfe habt (auch wenn Euch das wenig sagt): Im Schnitt entstanden zwischen 15.000 und 18.000 Zeichen am Tag; ein gro\u00dfer Text in der WAZ hat in der Regel 3800 bis 4200 Zeichen.<\/p>\n<div id=\"attachment_4804\" style=\"width: 310px\" class=\"wp-caption alignleft\"><img loading=\"lazy\" decoding=\"async\" aria-describedby=\"caption-attachment-4804\" class=\"size-medium wp-image-4804\" src=\"http:\/\/andreasernst.com\/wordpress\/WordpressLatest\/wp-content\/uploads\/2020\/10\/244356C9-8B25-48A3-9637-DA7D623C9C96-300x300.jpeg\" alt=\"Ort des Medienabends: Die Gampe-Alm \u00fcber S\u00f6lden.\" width=\"300\" height=\"300\" srcset=\"https:\/\/andreasernst.com\/wordpress\/WordpressLatest\/wp-content\/uploads\/2020\/10\/244356C9-8B25-48A3-9637-DA7D623C9C96-300x300.jpeg 300w, https:\/\/andreasernst.com\/wordpress\/WordpressLatest\/wp-content\/uploads\/2020\/10\/244356C9-8B25-48A3-9637-DA7D623C9C96-150x150.jpeg 150w, https:\/\/andreasernst.com\/wordpress\/WordpressLatest\/wp-content\/uploads\/2020\/10\/244356C9-8B25-48A3-9637-DA7D623C9C96-768x768.jpeg 768w, https:\/\/andreasernst.com\/wordpress\/WordpressLatest\/wp-content\/uploads\/2020\/10\/244356C9-8B25-48A3-9637-DA7D623C9C96-1024x1024.jpeg 1024w, https:\/\/andreasernst.com\/wordpress\/WordpressLatest\/wp-content\/uploads\/2020\/10\/244356C9-8B25-48A3-9637-DA7D623C9C96-144x144.jpeg 144w\" sizes=\"auto, (max-width: 300px) 100vw, 300px\" \/><p id=\"caption-attachment-4804\" class=\"wp-caption-text\">Ort des Medienabends: Die Gampe-Alm \u00fcber S\u00f6lden.<\/p><\/div>\n<p>Mein Wecker klingelte fr\u00fch, mein Arbeitstag begann stets um 8.30 Uhr als Einzelk\u00e4mpfer in meinem kleinen Mini-Appartement. Um 9.45 Uhr spazierte ich zum einen Kilometer entfernten Trainingsplatz. In der Zwischenzeit telefonierte ich mit den jeweiligen Redaktionen (Online, Hauptsport, Lokalsport, ab und an RevierSport), wir diskutierten \u00fcber die urspr\u00fcngliche Tages- und Themenplanung, glichen sie ab, korrigierten sie (oft). Ab und an entstand die erste, aktuelle Online-Meldung.<\/p>\n<p>Das erste Training dauerte meist von 10 bis etwa 12 Uhr, danach standen uns (wenn auch nicht immer) Gespr\u00e4chspartner zur Verf\u00fcgung (Alessandro Sch\u00f6pf, Michael Langer, Jochen Schneider). W\u00e4hrend des Trainings verfasste ich eine Online-Meldung, gegen 12.30, 12.45 Uhr kehrte ich ins Appartement zur\u00fcck. An drei Tagen stand noch eine zweite Einheit gegen 17 Uhr an, die Arbeit f\u00fcr die Print-Redaktionen musste deshalb zwischen 12.45 und 16.45 Uhr erledigt sein &#8211; inklusive Recherche, vieler Telefonate etc. Nach dem Ende des zweiten Trainings (gegen 18.45 Uhr, wieder inklusive Online-Meldung, aber ohne weiteren Gespr\u00e4chspartner) waren dann h\u00e4ufig noch Modifikationen n\u00f6tig. Zum Abschluss des Tages gab es noch eine kurze Absprache f\u00fcr den folgenden Tag. Um die Sonderbeilagen k\u00fcmmerte ich mich stets nach Ablauf der Tagesproduktion, wenn keine Abendtermine anstanden. Zwei hatte ich &#8211; ein Interview mit Nassim Boujellab (22. August, 21 Uhr im Mannschaftshotel) und eben den Medienabend (endete f\u00fcr uns Reporter, so viel kann ich verraten, nicht schon um Mitternacht &#8211; fand auf einer Alm bei S\u00f6lden statt). An den \u00fcbrigen Tagen klappte ich meinen Laptop gegen 21 Uhr zu, um mit den mitgereisten Kollegen noch etwas zu essen, einen Absacker zu trinken. Zwischen Fr\u00fchst\u00fcck und eben diesem Abendessen blieb meist nur Zeit f\u00fcr Finger oder Fast Food. Und da Euch auch das interessiert: Das Verh\u00e4ltnis der Schalke-Reporter aller Titel untereinander ist au\u00dferordentlich gut, bei anderen Vereinen w\u00e4ren solche gemeinsamen Abende im gro\u00dfen Kreis nicht selbstverst\u00e4ndlich.<span class=\"Apple-converted-space\">\u00a0<\/span><\/p>\n<div id=\"attachment_4805\" style=\"width: 310px\" class=\"wp-caption alignright\"><img loading=\"lazy\" decoding=\"async\" aria-describedby=\"caption-attachment-4805\" class=\"size-medium wp-image-4805\" src=\"http:\/\/andreasernst.com\/wordpress\/WordpressLatest\/wp-content\/uploads\/2020\/10\/5EF1C275-FF56-44D2-889D-264BF6CDCDC5-300x300.jpeg\" alt=\"Innbr\u00fccke in Innsbruck - ein durch den Corona-Test ungeplanter Halbtagestrip.\" width=\"300\" height=\"300\" srcset=\"https:\/\/andreasernst.com\/wordpress\/WordpressLatest\/wp-content\/uploads\/2020\/10\/5EF1C275-FF56-44D2-889D-264BF6CDCDC5-300x300.jpeg 300w, https:\/\/andreasernst.com\/wordpress\/WordpressLatest\/wp-content\/uploads\/2020\/10\/5EF1C275-FF56-44D2-889D-264BF6CDCDC5-150x150.jpeg 150w, https:\/\/andreasernst.com\/wordpress\/WordpressLatest\/wp-content\/uploads\/2020\/10\/5EF1C275-FF56-44D2-889D-264BF6CDCDC5-768x768.jpeg 768w, https:\/\/andreasernst.com\/wordpress\/WordpressLatest\/wp-content\/uploads\/2020\/10\/5EF1C275-FF56-44D2-889D-264BF6CDCDC5-1024x1024.jpeg 1024w, https:\/\/andreasernst.com\/wordpress\/WordpressLatest\/wp-content\/uploads\/2020\/10\/5EF1C275-FF56-44D2-889D-264BF6CDCDC5-144x144.jpeg 144w\" sizes=\"auto, (max-width: 300px) 100vw, 300px\" \/><p id=\"caption-attachment-4805\" class=\"wp-caption-text\">Innbr\u00fccke in Innsbruck &#8211; ein durch den Corona-Test ungeplanter Halbtagestrip.<\/p><\/div>\n<p>Das alles klingt in seiner Gesamtheit eher n\u00fcchtern, sachlich, \u00f6de. Ist aber nat\u00fcrlich genau das Gegenteil &#8211; und es gibt nat\u00fcrlich kein Trainingslager ohne besondere Geschichten oder hei\u00dfe Diskussionen. Viele will\/darf ich Euch nicht erz\u00e4hlen. Ein Beispiel nat\u00fcrlich schon: Diesmal musste ich zum Beispiel ein Vormittagstraining sausen lassen, da ich mit zwei Kollegen zu einem Corona-Test nach Innsbruck fahren musste (negativ, zum Gl\u00fcck).<\/p>\n<p>Eins m\u00f6chte ich abschlie\u00dfend aber noch loswerden! Was viele von Euch denken: Die machen da den ganzen Tag Urlaub und abends Party &#8211; dieses Klischee muss ich Euch wirklich nehmen. Mir ist nat\u00fcrlich bewusst, dass dies ein Traumjob ist, und das hier soll kein Jammern sein, blo\u00df nicht. Ich mache das so gern, Freizeit war mir in der Woche total egal. Zwei Beispiele trotzdem:<\/p>\n<div id=\"attachment_4809\" style=\"width: 310px\" class=\"wp-caption alignleft\"><img loading=\"lazy\" decoding=\"async\" aria-describedby=\"caption-attachment-4809\" class=\"size-medium wp-image-4809\" src=\"http:\/\/andreasernst.com\/wordpress\/WordpressLatest\/wp-content\/uploads\/2020\/10\/B95B6E86-F15E-48C8-8265-87F8E264F2B9-e1603111961643-300x225.jpeg\" alt=\"Die H\u00e4ngebr\u00fccke \u00fcber L\u00e4ngenfeld mit traumhaftem Blick ins \u00d6tztal.\" width=\"300\" height=\"225\" srcset=\"https:\/\/andreasernst.com\/wordpress\/WordpressLatest\/wp-content\/uploads\/2020\/10\/B95B6E86-F15E-48C8-8265-87F8E264F2B9-e1603111961643-300x225.jpeg 300w, https:\/\/andreasernst.com\/wordpress\/WordpressLatest\/wp-content\/uploads\/2020\/10\/B95B6E86-F15E-48C8-8265-87F8E264F2B9-e1603111961643-768x577.jpeg 768w, https:\/\/andreasernst.com\/wordpress\/WordpressLatest\/wp-content\/uploads\/2020\/10\/B95B6E86-F15E-48C8-8265-87F8E264F2B9-e1603111961643-1024x769.jpeg 1024w\" sizes=\"auto, (max-width: 300px) 100vw, 300px\" \/><p id=\"caption-attachment-4809\" class=\"wp-caption-text\">Die H\u00e4ngebr\u00fccke \u00fcber L\u00e4ngenfeld mit traumhaftem Blick ins \u00d6tztal.<\/p><\/div>\n<p>1) In meiner Unterkunft gab es ein Schwimmbad und eine Sauna, extra so ausgesucht, damit ich zwischendurch ein wenig was f\u00fcr meinen Fitnesszustand tun bzw. meinen Kopf durchpusten<span class=\"Apple-converted-space\">\u00a0 <\/span>kann. Die Sauna habe ich gar nicht benutzt, schwimmen war ich nur einmal, und das auch nur zehn Minuten. Dann kam der Anruf, dass es einen Corona-Fall im Mannschaftskreis gibt..<\/p>\n<p>2) Das \u00d6tztal ist gigantisch sch\u00f6n, das Wetter war weitgehend hochsommerlich. Direkt am Anfang nahm ich mir deshalb vor, wenn irgend m\u00f6glich, die Gegend per Wanderung zu erkunden oder mal einen Nachmittag freizunehmen, um z. B. das ice Q in S\u00f6lden mit dem James-Bond-Drehort zu besuchen. Doch ich hatte im Laufe der Woche nur einmal etwa zwei Stunden Freizeit &#8211; ab zur H\u00e4ngebr\u00fccke L\u00e4ngenfeld und zur\u00fcck. Es war einer der trainingsfreien Nachmittage der Profis. Immerhin hat ein Besuch Innsbrucks geklappt &#8211; aber das ungeplant.<\/p>\n<div id=\"attachment_4810\" style=\"width: 298px\" class=\"wp-caption alignleft\"><img loading=\"lazy\" decoding=\"async\" aria-describedby=\"caption-attachment-4810\" class=\"size-medium wp-image-4810\" src=\"http:\/\/andreasernst.com\/wordpress\/WordpressLatest\/wp-content\/uploads\/2020\/10\/36107228-5D30-4061-B354-6FA5774171E4-288x300.jpeg\" alt=\"Da war David Wagner noch Trainer - Interview nach dem Testspiel in Kematen in Tirol gegen Saloniki.\" width=\"288\" height=\"300\" srcset=\"https:\/\/andreasernst.com\/wordpress\/WordpressLatest\/wp-content\/uploads\/2020\/10\/36107228-5D30-4061-B354-6FA5774171E4-288x300.jpeg 288w, https:\/\/andreasernst.com\/wordpress\/WordpressLatest\/wp-content\/uploads\/2020\/10\/36107228-5D30-4061-B354-6FA5774171E4-768x800.jpeg 768w, https:\/\/andreasernst.com\/wordpress\/WordpressLatest\/wp-content\/uploads\/2020\/10\/36107228-5D30-4061-B354-6FA5774171E4-982x1024.jpeg 982w\" sizes=\"auto, (max-width: 288px) 100vw, 288px\" \/><p id=\"caption-attachment-4810\" class=\"wp-caption-text\">Da war David Wagner noch Trainer &#8211; Interview nach dem Testspiel in Kematen in Tirol gegen Saloniki.<\/p><\/div>\n<p>Einmal konnte ich aber auch ausschlafen. Es war der vorletzte Tag (28. August), als Schalke im 40 Kilometer entfernten Kematen in Tirol im einzigen Testspiel auf Aris Saloniki traf. Die Berichterstattung an diesem Tag konzentrierte sich komplett auf dieses Spiel, deshalb entfielen Absprachen am Vormittag. Erst gegen 11 Uhr ging\u2019s mit dem Auto los. Da die Schalker direkt nach diesem Test abreisten, wurde auch der R\u00fcckreisetag (29. August) weniger anstrengend. Ich musste nicht noch das Abschlusstraining abwarten; deshalb entfiel der aktuelle Online-Text.<\/p>\n<p>Ist jetzt ein langer Text geworden, aber ich hoffe, dass alle von Euch jetzt einen kurzen Einblick in meine Arbeit bekommen haben. Wenn\u2019s noch Fragen gibt oder Anregungen &#8211; gern.<\/p>\n","protected":false},"excerpt":{"rendered":"<p>Es gibt ganz viele von Euch, die sich f\u00fcr meine Arbeit interessieren. Also nicht nur konkret f\u00fcr Schalke oder Fu\u00dfball, Taktik, NFL, Seattle, die Seahawks, den VfL Bochum oder Journalismus-Theorie in der digitalen Gegenwart &#8211; sondern einfach: Wie funktioniert deine &hellip; <a href=\"https:\/\/andreasernst.com\/?p=4815\">Weiterlesen <span class=\"meta-nav\">&rarr;<\/span><\/a><\/p>\n","protected":false},"author":1,"featured_media":0,"comment_status":"open","ping_status":"open","sticky":false,"template":"","format":"standard","meta":{"ngg_post_thumbnail":0,"footnotes":""},"categories":[1,4,3,8,124],"tags":[],"class_list":["post-4815","post","type-post","status-publish","format-standard","hentry","category-allgemein","category-fc-schalke-04","category-fusball","category-reisen","category-tagebuch"],"_links":{"self":[{"href":"https:\/\/andreasernst.com\/index.php?rest_route=\/wp\/v2\/posts\/4815","targetHints":{"allow":["GET"]}}],"collection":[{"href":"https:\/\/andreasernst.com\/index.php?rest_route=\/wp\/v2\/posts"}],"about":[{"href":"https:\/\/andreasernst.com\/index.php?rest_route=\/wp\/v2\/types\/post"}],"author":[{"embeddable":true,"href":"https:\/\/andreasernst.com\/index.php?rest_route=\/wp\/v2\/users\/1"}],"replies":[{"embeddable":true,"href":"https:\/\/andreasernst.com\/index.php?rest_route=%2Fwp%2Fv2%2Fcomments&post=4815"}],"version-history":[{"count":2,"href":"https:\/\/andreasernst.com\/index.php?rest_route=\/wp\/v2\/posts\/4815\/revisions"}],"predecessor-version":[{"id":4817,"href":"https:\/\/andreasernst.com\/index.php?rest_route=\/wp\/v2\/posts\/4815\/revisions\/4817"}],"wp:attachment":[{"href":"https:\/\/andreasernst.com\/index.php?rest_route=%2Fwp%2Fv2%2Fmedia&parent=4815"}],"wp:term":[{"taxonomy":"category","embeddable":true,"href":"https:\/\/andreasernst.com\/index.php?rest_route=%2Fwp%2Fv2%2Fcategories&post=4815"},{"taxonomy":"post_tag","embeddable":true,"href":"https:\/\/andreasernst.com\/index.php?rest_route=%2Fwp%2Fv2%2Ftags&post=4815"}],"curies":[{"name":"wp","href":"https:\/\/api.w.org\/{rel}","templated":true}]}}