{"id":4777,"date":"2020-02-09T14:22:10","date_gmt":"2020-02-09T13:22:10","guid":{"rendered":"http:\/\/andreasernst.com\/?p=4777"},"modified":"2020-02-09T14:22:41","modified_gmt":"2020-02-09T13:22:41","slug":"schalke-reporter","status":"publish","type":"post","link":"https:\/\/andreasernst.com\/?p=4777","title":{"rendered":"Schalke-Reporter"},"content":{"rendered":"<p>Durch ein paar personelle Moves in den Sportredaktionen der Funke Mediengruppe bin ich seit 1. Dezember 2019 Schalke-Reporter des Hauptsports &#8211; mit allen Vorteilen und dem einen gro\u00dfen Nachteil. Alle Spiele sehen, viel durch die Gegend touren, Recherchen; alle beruflichen Gedanken kreisen rund um die k\u00f6nigsblaue Welt. Viele Telefonate, bei Wind und Wetter zum Training, andauernd tanken und, und, und. Das alles\u00a0ist echt gro\u00dfartig, nur die zehn Tage Super Bowl konnten das bisher toppen, um ganz ehrlich zu sein. Aber: Das alles mit der Familie zu vereinbaren, ist verdammt kompliziert. Aber ich habe da sportlichen Ehrgeiz.<\/p>\n<div id=\"attachment_4778\" style=\"width: 310px\" class=\"wp-caption alignright\"><img loading=\"lazy\" decoding=\"async\" aria-describedby=\"caption-attachment-4778\" class=\"size-medium wp-image-4778\" src=\"http:\/\/andreasernst.com\/wordpress\/WordpressLatest\/wp-content\/uploads\/2020\/02\/7C8727A6-01BC-4776-BD74-D75D2B584D88-300x200.jpeg\" alt=\"Der Marketing-Vorstand des FC Schalke 04, Alexander Jobst (mitte), gibt den Sportredaktueren von der Westdeutschen Allgemeien Zeitung (WAZ), Peter M\u00fcller (li) und Andreas Ernst (re) ein Interview in der Gesch\u00e4ftsstelle vom FC Schalke 04, am Dienstag, 28.Janaur 2020 in Gelsenkirchen. Foto: Olaf Fuhrmann \/ FUNKE Foto Services\" width=\"300\" height=\"200\" srcset=\"https:\/\/andreasernst.com\/wordpress\/WordpressLatest\/wp-content\/uploads\/2020\/02\/7C8727A6-01BC-4776-BD74-D75D2B584D88-300x200.jpeg 300w, https:\/\/andreasernst.com\/wordpress\/WordpressLatest\/wp-content\/uploads\/2020\/02\/7C8727A6-01BC-4776-BD74-D75D2B584D88-768x512.jpeg 768w, https:\/\/andreasernst.com\/wordpress\/WordpressLatest\/wp-content\/uploads\/2020\/02\/7C8727A6-01BC-4776-BD74-D75D2B584D88-1024x683.jpeg 1024w\" sizes=\"auto, (max-width: 300px) 100vw, 300px\" \/><p id=\"caption-attachment-4778\" class=\"wp-caption-text\">Im Interview: Alexander Jobst (Mitte) mit Peter M\u00fcller und mir. Unten: Omar Mascarell und ich. Fotos: Funke Foto Services<\/p><\/div>\n<p>Zwei Beispiele f\u00fcr viele, viele Texte der vergangenen Zeit: Gemeinsam mit meinem Chef Peter M\u00fcller habe ich mich mit Schalkes Marketingvorstand Alexander Jobst getroffen &#8211; Ende Januar. Jobst im knallroten Hemd, ich im Jackett (kommt selten vor). Die Gespr\u00e4chsthemen: anstehende Spiele gegen Hertha BSC, Investoren in der Bundesliga, Schalkes Ziele, die Vereinsform und eine m\u00f6gliche Ver\u00e4nderung. Zum Interview geht es <a href=\"https:\/\/www.waz.de\/sport\/fussball\/s04\/jobst-schalke-will-ein-grosser-europaeischer-klub-bleiben-id228289725.html\">hier<\/a>.<\/p>\n<p><img loading=\"lazy\" decoding=\"async\" class=\"alignright size-medium wp-image-4779\" src=\"http:\/\/andreasernst.com\/wordpress\/WordpressLatest\/wp-content\/uploads\/2020\/02\/E48F65E2-3277-4590-9D55-7CF7EADB4959-300x300.jpeg\" alt=\"E48F65E2-3277-4590-9D55-7CF7EADB4959\" width=\"300\" height=\"300\" srcset=\"https:\/\/andreasernst.com\/wordpress\/WordpressLatest\/wp-content\/uploads\/2020\/02\/E48F65E2-3277-4590-9D55-7CF7EADB4959-300x300.jpeg 300w, https:\/\/andreasernst.com\/wordpress\/WordpressLatest\/wp-content\/uploads\/2020\/02\/E48F65E2-3277-4590-9D55-7CF7EADB4959-150x150.jpeg 150w, https:\/\/andreasernst.com\/wordpress\/WordpressLatest\/wp-content\/uploads\/2020\/02\/E48F65E2-3277-4590-9D55-7CF7EADB4959-768x768.jpeg 768w, https:\/\/andreasernst.com\/wordpress\/WordpressLatest\/wp-content\/uploads\/2020\/02\/E48F65E2-3277-4590-9D55-7CF7EADB4959-1024x1024.jpeg 1024w, https:\/\/andreasernst.com\/wordpress\/WordpressLatest\/wp-content\/uploads\/2020\/02\/E48F65E2-3277-4590-9D55-7CF7EADB4959-144x144.jpeg 144w, https:\/\/andreasernst.com\/wordpress\/WordpressLatest\/wp-content\/uploads\/2020\/02\/E48F65E2-3277-4590-9D55-7CF7EADB4959.jpeg 1177w\" sizes=\"auto, (max-width: 300px) 100vw, 300px\" \/>Schon im Dezember habe ich mich mit Omar Mascarell getroffen &#8211; Anlass war das bevorstehende Spiel gegen Mascarells Ex-Klub Eintracht Frankfurt. 25 Minuten lang ging es um Schalke, um die Eintracht, um seine Vergangenheit und seine Heimat Teneriffa. Da war noch nicht absehbar, dass Mascarell im Januar zum Mannschaftskapit\u00e4n bef\u00f6rdert werden w\u00fcrde. Zum Interview geht es <a href=\"https:\/\/www.waz.de\/sport\/fussball\/s04\/schalke-profi-omar-mascarell-wir-muessen-dieses-level-nun-halten-id227910115.html\">hier<\/a>.<\/p>\n","protected":false},"excerpt":{"rendered":"<p>Durch ein paar personelle Moves in den Sportredaktionen der Funke Mediengruppe bin ich seit 1. Dezember 2019 Schalke-Reporter des Hauptsports &#8211; mit allen Vorteilen und dem einen gro\u00dfen Nachteil. Alle Spiele sehen, viel durch die Gegend touren, Recherchen; alle beruflichen &hellip; <a href=\"https:\/\/andreasernst.com\/?p=4777\">Weiterlesen <span class=\"meta-nav\">&rarr;<\/span><\/a><\/p>\n","protected":false},"author":1,"featured_media":0,"comment_status":"open","ping_status":"open","sticky":false,"template":"","format":"standard","meta":{"ngg_post_thumbnail":0,"footnotes":""},"categories":[1,4,3],"tags":[192,263,264,195,106],"class_list":["post-4777","post","type-post","status-publish","format-standard","hentry","category-allgemein","category-fc-schalke-04","category-fusball","tag-fusball","tag-jobst","tag-mascarell","tag-ruhrgebiet","tag-schalke"],"_links":{"self":[{"href":"https:\/\/andreasernst.com\/index.php?rest_route=\/wp\/v2\/posts\/4777","targetHints":{"allow":["GET"]}}],"collection":[{"href":"https:\/\/andreasernst.com\/index.php?rest_route=\/wp\/v2\/posts"}],"about":[{"href":"https:\/\/andreasernst.com\/index.php?rest_route=\/wp\/v2\/types\/post"}],"author":[{"embeddable":true,"href":"https:\/\/andreasernst.com\/index.php?rest_route=\/wp\/v2\/users\/1"}],"replies":[{"embeddable":true,"href":"https:\/\/andreasernst.com\/index.php?rest_route=%2Fwp%2Fv2%2Fcomments&post=4777"}],"version-history":[{"count":3,"href":"https:\/\/andreasernst.com\/index.php?rest_route=\/wp\/v2\/posts\/4777\/revisions"}],"predecessor-version":[{"id":4782,"href":"https:\/\/andreasernst.com\/index.php?rest_route=\/wp\/v2\/posts\/4777\/revisions\/4782"}],"wp:attachment":[{"href":"https:\/\/andreasernst.com\/index.php?rest_route=%2Fwp%2Fv2%2Fmedia&parent=4777"}],"wp:term":[{"taxonomy":"category","embeddable":true,"href":"https:\/\/andreasernst.com\/index.php?rest_route=%2Fwp%2Fv2%2Fcategories&post=4777"},{"taxonomy":"post_tag","embeddable":true,"href":"https:\/\/andreasernst.com\/index.php?rest_route=%2Fwp%2Fv2%2Ftags&post=4777"}],"curies":[{"name":"wp","href":"https:\/\/api.w.org\/{rel}","templated":true}]}}