{"id":4329,"date":"2017-11-20T22:18:14","date_gmt":"2017-11-20T21:18:14","guid":{"rendered":"http:\/\/andreasernst.com\/?p=4329"},"modified":"2017-11-20T22:22:02","modified_gmt":"2017-11-20T21:22:02","slug":"ein-elfmeter-ein-bisschen-zoff-und-dann-spaetdienst-schalke-am-19-november-2017","status":"publish","type":"post","link":"https:\/\/andreasernst.com\/?p=4329","title":{"rendered":"Ein Elfmeter, ein bisschen Zoff und dann Sp\u00e4tdienst &#8211; Schalke am 19. November 2017"},"content":{"rendered":"<p>Eigentlich h\u00e4tte ich schon l\u00e4ngst zum Sp\u00e4tdienst in die Redaktion fahren m\u00fcssen. 2500 Zeichen \u00fcber den VfL Bochum f\u00fcr die WAZ-Mantelsport-Ausgabe hatte ich vor dem Schalke-Spiel geschrieben &#8211; und danach wollte ich eigentlich nur zwei, drei Spieler h\u00f6ren und dann \u00fcber die A42 und B224 Richtung Essen-Zentrum d\u00fcsen. Doch Max Meyer kam und kam und kam nicht. 18.20, 18.25, 18.30, 18.35 Uhr &#8211; die Uhr tickte. 90 Minuten nach dem Schlusspfiff kam gegen 18.45 Uhr ein Schalke-Vertreter: &#8222;Der Max braucht noch 30 Minuten bei der Massage.&#8220; Fuck. Schnell durch den Regen zum Smart sprinten, Sp\u00e4tdienst absolvieren, zwei S04-Texte schreiben, Meyer-Zitate aus H\u00f6rfunk und TV nehmen (bl\u00f6d) &#8211; und um zwei Uhr nach Hause fahren. Willkommen im geilsten Job der Welt.<\/p>\n<p><strong>Diese Texte entstanden nach dem Schalker 2:0 gegen den HSV<\/strong><\/p>\n<p>Zum f\u00fcnften Mal in der aktuellen Saison erzielte Schalke das 1:0 via Elfmeter. Da Nabil Bentaleb und Leon Goretzka fehlten, trat diesmal Franco Di Santo an. Warum eigentlich? Das steht <a href=\"https:\/\/www.waz.de\/sport\/fussball\/s04\/warum-di-santo-den-elfmeter-fuer-schalke-schiessen-durfte-id212594635.html\">hier<\/a>\u00a0(&#8222;Warum Di Santo den Elfmeter f\u00fcr Schalke schie\u00dfen durfte&#8220;).<\/p>\n<p>&nbsp;<\/p>\n<blockquote class=\"twitter-tweet\" data-lang=\"de\">\n<p dir=\"ltr\" lang=\"de\">Die <a href=\"https:\/\/twitter.com\/hashtag\/S04?src=hash&amp;ref_src=twsrc%5Etfw\">#S04<\/a>-Fans feiern die Tabelle. <a href=\"https:\/\/twitter.com\/hashtag\/S04HSV?src=hash&amp;ref_src=twsrc%5Etfw\">#S04HSV<\/a> <a href=\"https:\/\/t.co\/KmdaCjWUQj\">pic.twitter.com\/KmdaCjWUQj<\/a><\/p>\n<p>\u2014 Andreas Ernst (@AndiErnst) <a href=\"https:\/\/twitter.com\/AndiErnst\/status\/932283697281290242?ref_src=twsrc%5Etfw\">19. November 2017<\/a><\/p><\/blockquote>\n<p><script src=\"https:\/\/platform.twitter.com\/widgets.js\" async=\"\" charset=\"utf-8\"><\/script><\/p>\n<p>In der 73. Minute standen sich Max Meyer und der Ex-Schalker Kyriakos &#8222;Papa&#8220; Papadopoulos Stirn an Stirn gegen\u00fcber. Warum eigentlich? Das steht <a href=\"https:\/\/www.waz.de\/sport\/fussball\/s04\/schalke-zoff-zwischen-meyer-und-papadopoulos-das-steckt-dahinter-id212594625.html\">hier<\/a> (&#8222;Schalke-Zoff zwischen Meyer und ,Papa&#8216;: Das steckt dahinter&#8220;).<\/p>\n<p>&nbsp;<\/p>\n<blockquote class=\"instagram-media\" style=\"background: #FFF; border: 0; border-radius: 3px; box-shadow: 0 0 1px 0 rgba(0,0,0,0.5),0 1px 10px 0 rgba(0,0,0,0.15); margin: 1px; max-width: 658px; padding: 0; width: calc(100% - 2px);\" data-instgrm-captioned=\"\" data-instgrm-version=\"7\">\n<div style=\"padding: 8px;\">\n<div style=\"background: #F8F8F8; line-height: 0; margin-top: 40px; padding: 50.0% 0; text-align: center; width: 100%;\"><\/div>\n<p><a style=\"color: #000; font-family: Arial,sans-serif; font-size: 14px; font-style: normal; font-weight: normal; line-height: 17px; text-decoration: none; word-wrap: break-word;\" href=\"https:\/\/www.instagram.com\/p\/Bbt-wkvBbvR\/\" target=\"_blank\">Wer nicht h\u00fcpft, &#8230; #s04 #bvb #s04hsv #derby #veltinsarena #gelsenkirchen #schalke #ruhrgebiet #rasen #gr\u00fcn #green #fu\u00dfball #soccer #bundesliga<\/a><\/p>\n<p>Ein Beitrag geteilt von Andreas Ernst (@andiernst) am <time style=\"font-family: Arial,sans-serif; font-size: 14px; line-height: 17px;\" datetime=\"2017-11-20T13:18:06+00:00\">20. Nov 2017 um 5:18 Uhr<\/time>\n<\/div>\n<\/blockquote>\n<p><script src=\"\/\/platform.instagram.com\/en_US\/embeds.js\" async=\"\" defer=\"defer\"><\/script><\/p>\n","protected":false},"excerpt":{"rendered":"<p>Eigentlich h\u00e4tte ich schon l\u00e4ngst zum Sp\u00e4tdienst in die Redaktion fahren m\u00fcssen. 2500 Zeichen \u00fcber den VfL Bochum f\u00fcr die WAZ-Mantelsport-Ausgabe hatte ich vor dem Schalke-Spiel geschrieben &#8211; und danach wollte ich eigentlich nur zwei, drei Spieler h\u00f6ren und dann &hellip; <a href=\"https:\/\/andreasernst.com\/?p=4329\">Weiterlesen <span class=\"meta-nav\">&rarr;<\/span><\/a><\/p>\n","protected":false},"author":1,"featured_media":0,"comment_status":"open","ping_status":"open","sticky":false,"template":"","format":"standard","meta":{"ngg_post_thumbnail":0,"footnotes":""},"categories":[1,4,3,112,6],"tags":[20,192,205,228,195,106,221],"class_list":["post-4329","post","type-post","status-publish","format-standard","hentry","category-allgemein","category-fc-schalke-04","category-fusball","category-gelsenkirchen","category-ruhrgebiet","tag-bundesliga","tag-fusball","tag-gelsenkirchen","tag-hsv","tag-ruhrgebiet","tag-schalke","tag-sport"],"_links":{"self":[{"href":"https:\/\/andreasernst.com\/index.php?rest_route=\/wp\/v2\/posts\/4329","targetHints":{"allow":["GET"]}}],"collection":[{"href":"https:\/\/andreasernst.com\/index.php?rest_route=\/wp\/v2\/posts"}],"about":[{"href":"https:\/\/andreasernst.com\/index.php?rest_route=\/wp\/v2\/types\/post"}],"author":[{"embeddable":true,"href":"https:\/\/andreasernst.com\/index.php?rest_route=\/wp\/v2\/users\/1"}],"replies":[{"embeddable":true,"href":"https:\/\/andreasernst.com\/index.php?rest_route=%2Fwp%2Fv2%2Fcomments&post=4329"}],"version-history":[{"count":3,"href":"https:\/\/andreasernst.com\/index.php?rest_route=\/wp\/v2\/posts\/4329\/revisions"}],"predecessor-version":[{"id":4333,"href":"https:\/\/andreasernst.com\/index.php?rest_route=\/wp\/v2\/posts\/4329\/revisions\/4333"}],"wp:attachment":[{"href":"https:\/\/andreasernst.com\/index.php?rest_route=%2Fwp%2Fv2%2Fmedia&parent=4329"}],"wp:term":[{"taxonomy":"category","embeddable":true,"href":"https:\/\/andreasernst.com\/index.php?rest_route=%2Fwp%2Fv2%2Fcategories&post=4329"},{"taxonomy":"post_tag","embeddable":true,"href":"https:\/\/andreasernst.com\/index.php?rest_route=%2Fwp%2Fv2%2Ftags&post=4329"}],"curies":[{"name":"wp","href":"https:\/\/api.w.org\/{rel}","templated":true}]}}