{"id":3670,"date":"2012-01-22T15:48:42","date_gmt":"2012-01-22T14:48:42","guid":{"rendered":"http:\/\/andreasernst.com\/?p=3670"},"modified":"2014-01-22T15:55:20","modified_gmt":"2014-01-22T14:55:20","slug":"6-februar-2000-testspiel-msv-07-dumpten-13-11","status":"publish","type":"post","link":"https:\/\/andreasernst.com\/?p=3670","title":{"rendered":"6. Februar 2000 &#8211; Testspiel &#8211; MSV 07-D\u00fcmpten 13 1:1"},"content":{"rendered":"<p>Am 6. Februar 2000 berichtete ich \u00fcber das Fu\u00dfball-Testspiel zwischen dem MSV 07 und D\u00fcmpten 13.<\/p>\n<p><strong>Hier geht es zum Text, den ich &#8222;Ercan Balli schoss in allerletzter Sekunde den 1:1-Ausgleich&#8220; nannte und mit der Unterzeile &#8222;Bezirksligist D\u00fcmpten 13 reaktivierte sechs Altherren-Spieler&#8220; versah:<\/strong><\/p>\n<p>In letzter Sekunde schoss Ercan Balli im Fu\u00dfball-Testspiel beim MSV 07 (Kreisliga A) den 1:1 (0:1)-Ausgleich f\u00fcr den am Tabellenende stehenden Bezirksligisten D\u00fcmpten 13.<\/p>\n<p>Die Jubelst\u00fcrme blieben aus, aber bei den &#8222;13ern&#8220; war die Freude \u00fcber diesen Treffer war nicht zu \u00fcbersehen. Die Partie vor 50 Zuschauern am Waldschl\u00f6sschen war die erste f\u00fcr Trainer Friedhelm Kuhles und der Beginn der nahezu unm\u00f6glichen &#8222;Mission Klassenerhalt&#8220;. Im gestrigen Testkick pr\u00e4sentierten die &#8222;13er&#8220; erstmals die Mannschaft, die das Wunder schaffen soll.<\/p>\n<p>Reaktiviert wurden Torwart Michael Wermann, Libero Thomas Kempe, Abwehrspieler Dirk Hofmann, die Mittelfeldspieler Uwe Prohl und Peter Scholtysik sowie der momentan noch verletzte St\u00fcrmer Uwe Kersten. &#8222;Ein Lob geht an die jungen Spieler&#8220;, sagte Trainer Kuhles und f\u00fcgte hinzu: &#8222;Wir haben mit ihnen gesprochen und sie werden ein wenig zur\u00fcckstecken.&#8220;<\/p>\n<p>Den &#8222;Oldies&#8220; fehlt noch die Luft. Deshalb waren die D\u00fcmptener nur in der ersten Halbzeit st\u00e4rker. Trotzdem f\u00fchrte der MSV: Tim Peters war der Torsch\u00fctze (16.). F\u00fcr den Bezirksligisten verschoss Stefan Siemes einen Handelfmeter (34.) und Sascha Odzic traf die Latte (41.). Nach dem Wechsel vergaben die &#8222;07er&#8220; einige Chancen zur 2:0-F\u00fchrung. Am Schluss r\u00e4chte sich das.<\/p>\n","protected":false},"excerpt":{"rendered":"<p>Am 6. Februar 2000 berichtete ich \u00fcber das Fu\u00dfball-Testspiel zwischen dem MSV 07 und D\u00fcmpten 13. Hier geht es zum Text, den ich &#8222;Ercan Balli schoss in allerletzter Sekunde den 1:1-Ausgleich&#8220; nannte und mit der Unterzeile &#8222;Bezirksligist D\u00fcmpten 13 reaktivierte &hellip; <a href=\"https:\/\/andreasernst.com\/?p=3670\">Weiterlesen <span class=\"meta-nav\">&rarr;<\/span><\/a><\/p>\n","protected":false},"author":1,"featured_media":0,"comment_status":"open","ping_status":"open","sticky":false,"template":"","format":"standard","meta":{"ngg_post_thumbnail":0,"footnotes":""},"categories":[1,3,60,6],"tags":[192,201,195],"class_list":["post-3670","post","type-post","status-publish","format-standard","hentry","category-allgemein","category-fusball","category-mulheim","category-ruhrgebiet","tag-fusball","tag-mulheim","tag-ruhrgebiet"],"_links":{"self":[{"href":"https:\/\/andreasernst.com\/index.php?rest_route=\/wp\/v2\/posts\/3670","targetHints":{"allow":["GET"]}}],"collection":[{"href":"https:\/\/andreasernst.com\/index.php?rest_route=\/wp\/v2\/posts"}],"about":[{"href":"https:\/\/andreasernst.com\/index.php?rest_route=\/wp\/v2\/types\/post"}],"author":[{"embeddable":true,"href":"https:\/\/andreasernst.com\/index.php?rest_route=\/wp\/v2\/users\/1"}],"replies":[{"embeddable":true,"href":"https:\/\/andreasernst.com\/index.php?rest_route=%2Fwp%2Fv2%2Fcomments&post=3670"}],"version-history":[{"count":2,"href":"https:\/\/andreasernst.com\/index.php?rest_route=\/wp\/v2\/posts\/3670\/revisions"}],"predecessor-version":[{"id":3672,"href":"https:\/\/andreasernst.com\/index.php?rest_route=\/wp\/v2\/posts\/3670\/revisions\/3672"}],"wp:attachment":[{"href":"https:\/\/andreasernst.com\/index.php?rest_route=%2Fwp%2Fv2%2Fmedia&parent=3670"}],"wp:term":[{"taxonomy":"category","embeddable":true,"href":"https:\/\/andreasernst.com\/index.php?rest_route=%2Fwp%2Fv2%2Fcategories&post=3670"},{"taxonomy":"post_tag","embeddable":true,"href":"https:\/\/andreasernst.com\/index.php?rest_route=%2Fwp%2Fv2%2Ftags&post=3670"}],"curies":[{"name":"wp","href":"https:\/\/api.w.org\/{rel}","templated":true}]}}