{"id":3654,"date":"2012-01-22T14:11:03","date_gmt":"2012-01-22T13:11:03","guid":{"rendered":"http:\/\/andreasernst.com\/?p=3654"},"modified":"2014-01-22T14:25:21","modified_gmt":"2014-01-22T13:25:21","slug":"26-marz-2000-landesliga-vatan-spor-duisburg-08-00","status":"publish","type":"post","link":"https:\/\/andreasernst.com\/?p=3654","title":{"rendered":"26. M\u00e4rz 2000 &#8211; Landesliga &#8211; Vatan Spor-Duisburg 08 0:0"},"content":{"rendered":"<p>Am Sonntag, 25. M\u00e4rz 2000, weilte ich im M\u00fclheimer Ruhrstadion, um \u00fcber das Landesligaspiel zwischen Vatan Spor und Duisburg 08 zu berichten. Ein Tor fiel nicht, aber spannend war&#8217;s trotzdem.<\/p>\n<p><strong>Hier geht es zum Text, den ich &#8222;Abdelhafid entschuldigte sich bei den Zuschauern&#8220; nannte und mit der Unterzeile &#8222;0:0 trotz schlechter Leistung&#8220; versah:<\/strong><\/p>\n<p><em>Was war gestern mit den Landesliga-Fu\u00dfballern von Vatan Spor los? Im Duell gegen Duisburg 08 erreichten sie zwar ein 0:0, aber sie boten die schlechteste Saisonleistung.<\/em><\/p>\n<p>Vatan-Trainer Mohamed Ali Abdelhafid wollte kurz nach dem Schlusspfiff gar nichts mehr sagen. Kein Kommentar rutschte ihm zun\u00e4chst \u00fcber die Lippen. Als er auf den R\u00e4ngen die 150 Zuschauer erblickte, meinte er nur noch: &#8222;Ich muss mich bei allen Zuschauern entschuldigen, die dieses Spiel gesehen haben.&#8220;<\/p>\n<p>Auch die Zahlen sprechen gegen das M\u00fclheimer Team, das in der Hinrunde so \u00fcberzeugt hatte. Das Eckballverh\u00e4ltnis betrug 8:1 f\u00fcr die G\u00e4ste, in der Torchancen-Statistik lag der Tabellenelfte ebenfalls mit 9:2 weit vorn. Verst\u00e4ndlich, dass nicht nur Vatan-Trainer Abdelhafid den Kopf sch\u00fcttelte, sondern auch 08-Kollege J\u00f6rg Kessen. Seine Mannschaft machte fast alles richtig. Die &#8222;08er&#8220; schossen aus allen Lagen auf das Vatan-Tor, aber der Ball kullerte einfach nicht \u00fcber die Linie. Vor allem nach dem Seitenwechsel hatten die G\u00e4ste dicke M\u00f6glichkeiten im Minutentakt. Murat Cebeci (47.\/80.) und Serkan Alicilar (59.\/82.) scheiterten freistehend, Cedric Fricke hob den Ball \u00fcber Vatan-Torwart Mustafa Atik, aber auch \u00fcber das Tor (55.). Sieben Minuten sp\u00e4ter traf Cedric Fricke den Pfosten. Selbst bei einer 0:6-Niederlage h\u00e4tte sich die Vatan-Mannschaft nicht beschweren d\u00fcrfen.<\/p>\n<p>An diesem verkorksten Sonntagmittag halfen nicht einmal die psychologischen Tricks von Trainer Abdelhafid. Bereits in der 28. Minute bat er alle Ersatzspieler zum Warmlaufen, in der Halbzeit wechselte er den indisponierten Kapit\u00e4n Hidir Kaya aus. Doch der Vatan-Elf versprang jeder Ball, die Fehlpassquote war unglaublich hoch und auch die Abwehr patzte ein ums andere Mal. Die einzige Chance hatte der f\u00fcr Kaya eingewechselte Sinan Nezir in der 85. Minute. Sein Sch\u00fcsschen wurde aber auch nur gef\u00e4hrlich, weil es von einem Duisburger abgef\u00e4lscht wurde. Das war typisch an diesem f\u00fcr Vatan rabenschwarzen Tag.<\/p>\n","protected":false},"excerpt":{"rendered":"<p>Am Sonntag, 25. M\u00e4rz 2000, weilte ich im M\u00fclheimer Ruhrstadion, um \u00fcber das Landesligaspiel zwischen Vatan Spor und Duisburg 08 zu berichten. Ein Tor fiel nicht, aber spannend war&#8217;s trotzdem. Hier geht es zum Text, den ich &#8222;Abdelhafid entschuldigte sich &hellip; <a href=\"https:\/\/andreasernst.com\/?p=3654\">Weiterlesen <span class=\"meta-nav\">&rarr;<\/span><\/a><\/p>\n","protected":false},"author":1,"featured_media":0,"comment_status":"open","ping_status":"open","sticky":false,"template":"","format":"standard","meta":{"ngg_post_thumbnail":0,"footnotes":""},"categories":[1,3,60,6],"tags":[192,201,195],"class_list":["post-3654","post","type-post","status-publish","format-standard","hentry","category-allgemein","category-fusball","category-mulheim","category-ruhrgebiet","tag-fusball","tag-mulheim","tag-ruhrgebiet"],"_links":{"self":[{"href":"https:\/\/andreasernst.com\/index.php?rest_route=\/wp\/v2\/posts\/3654","targetHints":{"allow":["GET"]}}],"collection":[{"href":"https:\/\/andreasernst.com\/index.php?rest_route=\/wp\/v2\/posts"}],"about":[{"href":"https:\/\/andreasernst.com\/index.php?rest_route=\/wp\/v2\/types\/post"}],"author":[{"embeddable":true,"href":"https:\/\/andreasernst.com\/index.php?rest_route=\/wp\/v2\/users\/1"}],"replies":[{"embeddable":true,"href":"https:\/\/andreasernst.com\/index.php?rest_route=%2Fwp%2Fv2%2Fcomments&post=3654"}],"version-history":[{"count":2,"href":"https:\/\/andreasernst.com\/index.php?rest_route=\/wp\/v2\/posts\/3654\/revisions"}],"predecessor-version":[{"id":3656,"href":"https:\/\/andreasernst.com\/index.php?rest_route=\/wp\/v2\/posts\/3654\/revisions\/3656"}],"wp:attachment":[{"href":"https:\/\/andreasernst.com\/index.php?rest_route=%2Fwp%2Fv2%2Fmedia&parent=3654"}],"wp:term":[{"taxonomy":"category","embeddable":true,"href":"https:\/\/andreasernst.com\/index.php?rest_route=%2Fwp%2Fv2%2Fcategories&post=3654"},{"taxonomy":"post_tag","embeddable":true,"href":"https:\/\/andreasernst.com\/index.php?rest_route=%2Fwp%2Fv2%2Ftags&post=3654"}],"curies":[{"name":"wp","href":"https:\/\/api.w.org\/{rel}","templated":true}]}}