{"id":2435,"date":"2013-03-19T13:20:01","date_gmt":"2013-03-19T13:20:01","guid":{"rendered":"http:\/\/andreasernst.com\/?p=2435"},"modified":"2013-03-19T13:24:35","modified_gmt":"2013-03-19T13:24:35","slug":"saison-20122013-%e2%80%93-stadiontour-teil-4-19-%e2%80%93-gelsenkirchen","status":"publish","type":"post","link":"https:\/\/andreasernst.com\/?p=2435","title":{"rendered":"Saison 2012\/2013 \u2013 Stadiontour, Teil 15 \u2013 N\u00fcrnberg"},"content":{"rendered":"<p>Okay, es mag etwas zu \u00fcbertrieben erscheinen, aber eigentlich passt zu diesen Tagen Bob Dylans Titel &#8222;The times they are a-changin'&#8220;. Privat sowieso. Die Wohnung in Kamen haben wir unseren Nachmietern \u00fcbergeben, ein paar sehr, sehr stressige Wochen sind beendet. Kamen ist jetzt nur noch eine zweij\u00e4hrige Kurzepisode in unserem Leben, die Unterlagen verschwunden in Akten, die Bilder in Schubladen und Alben.<\/p>\n<p>Bei der WAZ gab&#8217;s gerade gro\u00dfe \u00c4nderungen durch die WR-Schlie\u00dfung. Und selbst kleine Dinge sind bald anders. Als wir auf uns auf dem R\u00fcckweg vom 0:3 in N\u00fcrnberg befanden, der Kollege mit 215 Sachen \u00fcber die A45 Richtung Sauerland heizte, h\u00f6rten wir die vorletzte &#8222;Yesterday&#8220;-Sendung von Roger Handt bei WDR 2. &#8222;Seit 20 Jahren&#8220;, dozierte der Fahrer, &#8222;ist das ein Ritual bei R\u00fcckfahrten von weiten Ausw\u00e4rtsspielen. Wir schauen uns im Stadion das 15.30-Spiel an, verfolgen die Pressekonferenz, schreiben die Texte &#8211; und h\u00f6ren auf der R\u00fcckfahrt Roger Handt.&#8220; &#8222;The times they are a-changin&#8220; kam diesmal aber nicht.<\/p>\n<p>PS: Dass ich Draxler beim Champions-League-Spiel gegen Galatasaray (2:3) nur eine &#8222;4&#8220; gab, war falsch und so auch gar nicht gewollt. In der Ursprungsversion hie\u00df es: &#8222;Erste Halbzeit 4, zweite Halbzeit 2 &#8211; macht: Note 3&#8220;. Aber im Chaos der Schlussminuten, den vielen Chancen, dem Gegentor zum 2:3 und dem Andruck-Termin im Hinterkopf ging das etwas daneben. Passiert. Sorry!<\/p>\n<p><strong>Diese Texte entstanden rund um das Spiel in N\u00fcrnberg:<\/strong><\/p>\n<p>Zur Einzelkritik (&#8222;Schalkes Obasi kann Chance nicht nutzen&#8220;) geht es <a href=\"http:\/\/www.derwesten.de\/sport\/fussball\/s04\/schalkes-obasi-kann-chance-nicht-nutzen-note-5-5-id7730624.html\" target=\"_blank\">hier<\/a>. Die Noten: Hildebrand (3)-H\u00f6ger (4), H\u00f6wedes (5), Matip (4), Fuchs (4)-Kolasinac (4), Jones (4,5)-Farfan (3), Draxler (4), Bastos (5)-Obasi (5,5). Eingewechselt: Raffael (5), Pukki (-), Barnetta (-). Die Online-Version bekam der Innendienst eine Minute nach dem Schlusspfiff. Die Print-Version erschien am Montag auf 106 Zeilen in der WAZ Gelsenkirchen. RevierSport und Bild benoteten deutlich h\u00e4rter, der Kicker gab Raffael und Obasi eine &#8222;5&#8220; und benotete sonst gn\u00e4dig.<\/p>\n<p>Quatsch-Thema des Tages war die von &#8222;Bild&#8220; ins Gespr\u00e4ch gebrachte Verpflichtung von Trainer Armin Veh. Alle Infos dazu stehen<a href=\"http:\/\/www.derwesten.de\/sport\/fussball\/s04\/zwischen-schalke-und-armin-veh-ist-noch-nichts-klar-id7730715.html\" target=\"_blank\"> im Text<\/a> &#8222;Zwischen Schalke und Armin Veh ist noch nichts klar.&#8220; Der &#8222;Bild&#8220;-Kollege kommentierte das ganze Tamtam mit dem Satz: &#8222;Im Fu\u00dfball wird mehr gelogen als auf jeder Beerdigung&#8220;. Notiert, gemerkt.<\/p>\n<p>Die Stimmen zum Spiel (&#8222;F\u00fcr Schalke-Trainer Keller ,wird es etwas unangenehmer'&#8220;) geht es <a href=\"http:\/\/www.derwesten.de\/sport\/fussball\/s04\/fuer-schalke-trainer-keller-wird-es-etwas-unangenehmer-id7730742.html\" target=\"_blank\">hier<\/a>. Im Angebot: die Trainer Keller und Wiesinger sowie Horst Heldt und die Spieler Jones und H\u00f6wedes. Die Aussagen von Horst Heldt erschienen am Dienstag in der WAZ Gelsenkirchen.<\/p>\n<p><strong>Nach der Abschluss-Pressekonferenz am Donnerstag, 14. M\u00e4rz, verfasste ich diese Texte:<\/strong><\/p>\n<p>Alle sportlichen Infos vor dem Spiel gegen N\u00fcrnberg habe ich <a href=\"http:\/\/www.derwesten.de\/sport\/fussball\/s04\/schalke-trainer-jens-keller-goennt-neustaedter-wohl-eine-pause-id7722197.html\" target=\"_blank\">hier<\/a> zusammengestellt (&#8222;Schalke-Trainer Jens Keller g\u00f6nnt Neust\u00e4dter wohl eine Pause&#8220;).<\/p>\n<p>Dass Ex-Trainer Huub Stevens wom\u00f6glich in den Aufsichtsrat berufen wird, steht <a href=\"http:\/\/www.derwesten.de\/sport\/fussball\/s04\/stevens-denkt-ueber-schalke-angebot-nach-id7722004.html\" target=\"_blank\">hier<\/a> (&#8222;Stevens denkt \u00fcber Schalke-Angebot nach&#8220;).<\/p>\n<p>Die Zukunft von Julian Draxler ist gekl\u00e4rt, <a href=\"http:\/\/www.derwesten.de\/sport\/fussball\/s04\/draxler-bleibt-schalker-unabhaengig-vom-saisonausgang-id7722146.html\" target=\"_blank\">sagte Horst Heldt <\/a>(&#8222;Draxler bleibt Schalker &#8211; unabh\u00e4ngig vom Saisonausgang&#8220;).<\/p>\n<p>Und <a href=\"http:\/\/www.derwesten.de\/sport\/fussball\/s04\/u21-trainer-adrion-nominiert-schalke-talent-kolasinac-id7723104.html\" target=\"_blank\">hier<\/a> noch alles zur Nominierung von Sead Kolasinac f\u00fcr die U21 (&#8222;U21-Trainer Adrion nominiert Schalke-Talent Kolasinac&#8220;).<\/p>\n","protected":false},"excerpt":{"rendered":"<p>Okay, es mag etwas zu \u00fcbertrieben erscheinen, aber eigentlich passt zu diesen Tagen Bob Dylans Titel &#8222;The times they are a-changin&#8217;&#8220;. Privat sowieso. Die Wohnung in Kamen haben wir unseren Nachmietern \u00fcbergeben, ein paar sehr, sehr stressige Wochen sind beendet. &hellip; <a href=\"https:\/\/andreasernst.com\/?p=2435\">Weiterlesen <span class=\"meta-nav\">&rarr;<\/span><\/a><\/p>\n","protected":false},"author":1,"featured_media":0,"comment_status":"open","ping_status":"open","sticky":false,"template":"","format":"standard","meta":{"ngg_post_thumbnail":0,"footnotes":""},"categories":[1,4,3,112,6],"tags":[193,192,205,195],"class_list":["post-2435","post","type-post","status-publish","format-standard","hentry","category-allgemein","category-fc-schalke-04","category-fusball","category-gelsenkirchen","category-ruhrgebiet","tag-fc-schalke-04","tag-fusball","tag-gelsenkirchen","tag-ruhrgebiet"],"_links":{"self":[{"href":"https:\/\/andreasernst.com\/index.php?rest_route=\/wp\/v2\/posts\/2435","targetHints":{"allow":["GET"]}}],"collection":[{"href":"https:\/\/andreasernst.com\/index.php?rest_route=\/wp\/v2\/posts"}],"about":[{"href":"https:\/\/andreasernst.com\/index.php?rest_route=\/wp\/v2\/types\/post"}],"author":[{"embeddable":true,"href":"https:\/\/andreasernst.com\/index.php?rest_route=\/wp\/v2\/users\/1"}],"replies":[{"embeddable":true,"href":"https:\/\/andreasernst.com\/index.php?rest_route=%2Fwp%2Fv2%2Fcomments&post=2435"}],"version-history":[{"count":3,"href":"https:\/\/andreasernst.com\/index.php?rest_route=\/wp\/v2\/posts\/2435\/revisions"}],"predecessor-version":[{"id":2437,"href":"https:\/\/andreasernst.com\/index.php?rest_route=\/wp\/v2\/posts\/2435\/revisions\/2437"}],"wp:attachment":[{"href":"https:\/\/andreasernst.com\/index.php?rest_route=%2Fwp%2Fv2%2Fmedia&parent=2435"}],"wp:term":[{"taxonomy":"category","embeddable":true,"href":"https:\/\/andreasernst.com\/index.php?rest_route=%2Fwp%2Fv2%2Fcategories&post=2435"},{"taxonomy":"post_tag","embeddable":true,"href":"https:\/\/andreasernst.com\/index.php?rest_route=%2Fwp%2Fv2%2Ftags&post=2435"}],"curies":[{"name":"wp","href":"https:\/\/api.w.org\/{rel}","templated":true}]}}