{"id":225,"date":"2011-09-01T11:25:30","date_gmt":"2011-09-01T11:25:30","guid":{"rendered":"http:\/\/andreasernst.com\/?p=225"},"modified":"2011-10-14T23:34:15","modified_gmt":"2011-10-14T23:34:15","slug":"schalke-4-werder-0","status":"publish","type":"post","link":"https:\/\/andreasernst.com\/?p=225","title":{"rendered":"Schalke 4, Werder 0"},"content":{"rendered":"<p>F\u00fcr DerWesten und die WAZ-Lokalredaktion Gelsenkirchen berichtete ich \u00fcber das Bundesligaspiel FC Schalke 04 gegen Werder Bremen (4:0).<\/p>\n<p>Zur Schalker Einzelkritik mit einer &#8222;1&#8220; f\u00fcr Ra\u00fal geht es <a href=\"http:\/\/www.derwesten.de\/sport\/fussball\/s04\/Ra-l-ueberragte-bei-Schalker-4-0-Sieg-id3965533.html\" target=\"_blank\">hier<\/a>.<\/p>\n<p>Zu einer Geschichte \u00fcber den besonderen Tag von Christoph Metzelder geht es <a href=\"http:\/\/www.derwesten.de\/sport\/fussball\/s04\/Ein-besonderer-Tag-fuer-Christoph-Metzelder-id3965915.html\" target=\"_blank\">hier<\/a>.<\/p>\n<p>Zu den Stimmen zum Spiel geht es <a href=\"http:\/\/www.derwesten.de\/sport\/fussball\/s04\/Schalkes-Ra-l-schenkt-Tore-seinen-Kindern-id3965813.html\" target=\"_blank\">hier<\/a>.<\/p>\n","protected":false},"excerpt":{"rendered":"<p>F\u00fcr DerWesten und die WAZ-Lokalredaktion Gelsenkirchen berichtete ich \u00fcber das Bundesligaspiel FC Schalke 04 gegen Werder Bremen (4:0). Zur Schalker Einzelkritik mit einer &#8222;1&#8220; f\u00fcr Ra\u00fal geht es hier. Zu einer Geschichte \u00fcber den besonderen Tag von Christoph Metzelder geht &hellip; <a href=\"https:\/\/andreasernst.com\/?p=225\">Weiterlesen <span class=\"meta-nav\">&rarr;<\/span><\/a><\/p>\n","protected":false},"author":1,"featured_media":0,"comment_status":"open","ping_status":"open","sticky":false,"template":"","format":"standard","meta":{"ngg_post_thumbnail":0,"footnotes":""},"categories":[1,4,3,112,6],"tags":[193,33],"class_list":["post-225","post","type-post","status-publish","format-standard","hentry","category-allgemein","category-fc-schalke-04","category-fusball","category-gelsenkirchen","category-ruhrgebiet","tag-fc-schalke-04","tag-raul"],"_links":{"self":[{"href":"https:\/\/andreasernst.com\/index.php?rest_route=\/wp\/v2\/posts\/225","targetHints":{"allow":["GET"]}}],"collection":[{"href":"https:\/\/andreasernst.com\/index.php?rest_route=\/wp\/v2\/posts"}],"about":[{"href":"https:\/\/andreasernst.com\/index.php?rest_route=\/wp\/v2\/types\/post"}],"author":[{"embeddable":true,"href":"https:\/\/andreasernst.com\/index.php?rest_route=\/wp\/v2\/users\/1"}],"replies":[{"embeddable":true,"href":"https:\/\/andreasernst.com\/index.php?rest_route=%2Fwp%2Fv2%2Fcomments&post=225"}],"version-history":[{"count":2,"href":"https:\/\/andreasernst.com\/index.php?rest_route=\/wp\/v2\/posts\/225\/revisions"}],"predecessor-version":[{"id":713,"href":"https:\/\/andreasernst.com\/index.php?rest_route=\/wp\/v2\/posts\/225\/revisions\/713"}],"wp:attachment":[{"href":"https:\/\/andreasernst.com\/index.php?rest_route=%2Fwp%2Fv2%2Fmedia&parent=225"}],"wp:term":[{"taxonomy":"category","embeddable":true,"href":"https:\/\/andreasernst.com\/index.php?rest_route=%2Fwp%2Fv2%2Fcategories&post=225"},{"taxonomy":"post_tag","embeddable":true,"href":"https:\/\/andreasernst.com\/index.php?rest_route=%2Fwp%2Fv2%2Ftags&post=225"}],"curies":[{"name":"wp","href":"https:\/\/api.w.org\/{rel}","templated":true}]}}