{"id":1911,"date":"2012-09-16T00:09:16","date_gmt":"2012-09-16T00:09:16","guid":{"rendered":"http:\/\/andreasernst.com\/?p=1911"},"modified":"2012-09-16T00:17:55","modified_gmt":"2012-09-16T00:17:55","slug":"stadiontour-20122013-teil-5-furth","status":"publish","type":"post","link":"https:\/\/andreasernst.com\/?p=1911","title":{"rendered":"Stadiontour 2012\/2013 &#8211; Teil 5 &#8211; F\u00fcrth"},"content":{"rendered":"<p>Als alles gesagt war in der Trolli-Arena (die hei\u00dft wirklich so), als der Schalker Busfahrer das Teamgef\u00e4hrt Richtung Flughafen steuerte und sich der Presseraum leerte, verabschiedete ich mich von den Kollegen, die noch in der Nacht Richtung Ruhrgebiet aufbrachen, und begann meine pers\u00f6nliche Derrick-Folge.<\/p>\n<p>Nichts wusste ich von F\u00fcrth, auch ein Facebook-Aufruf am Vormittag brachte wenig Hinweise. Nur einer blieb mir im Ged\u00e4chtnis: &#8222;Steig in die U-Bahn nach N\u00fcrnberg.&#8220; Ich setzte darauf, dass ich mir irgendein Taxi Richtung Hotel schnappen k\u00f6nnte. Falsch gesetzt. Also spazierte ich einfach so durch die F\u00fcrther Nacht. Die Erlanger Stra\u00dfe entlang, wo Hochh\u00e4user &#8222;Anwesen&#8220; hei\u00dfen und die Seitenstra\u00dfen dunkel sind. An Pils-Stuben vorbei und m\u00e4chtig vielen betrunkenen Menschen. Am Rathaus setzte ich mich dann doch in ein Taxi, nach 15 Minuten Fu\u00dfmarsch. 5,70 Euro bis zu meinem Hotel.<\/p>\n<p>Jetzt liege ich im Hotelbett. Gegen\u00fcber verabschieden sich gerade gegen zwei Uhr die letzten G\u00e4ste einer fr\u00e4nkischen Hochzeit &#8211; und die Online-Arbeit ist endlich erledigt; nach einem bizarren Arbeitstag. Ich mag kleine Stadien. Ich mag Aufsteiger. Ich mag Aufstiegs-Euphorie. Aber ich mag es nicht, wenn die Handy- und UMTS-Verbindung so beschissen ist, dass niemand, der nicht gerade \u00fcber einen Netzwerkkabel-Anschluss verf\u00fcgt, ins Internet kommt. Deshalb dauerte es genau eine Stunde, bis Spielbericht und Einzelkritik endlich auf unserem Portal standen. Die Mixed Zone in F\u00fcrth ist so klein, dass gerade einmal eine Person interviewt werden kann. Seltsame Arbeitsbedingungen&#8230;<\/p>\n<p>Aber ich hab&#8217;s geschafft. Jetzt kann ich die Augen schlie\u00dfen und mich auf morgen freuen. Fr\u00fchst\u00fcck im Hotel. Dann f\u00fcnf Stunden Zugfahrt.<\/p>\n<p><strong>Folgende Texte schrieb ich aus F\u00fcrth:<\/strong><\/p>\n<p>Die Einzelkritik (&#8222;Schalker Abwehrduo harmonierte gut &#8211; Huntelaar kl\u00e4glich&#8220;) k\u00f6nnt Ihr <a href=\"http:\/\/www.derwesten.de\/sport\/fussball\/s04\/schalker-abwehr-duo-harmonierte-gut-huntelaar-klaeglich-id7099108.html\" target=\"_blank\">hier<\/a> nachlesen. Meine Noten vorab: Unnerstall (3)-H\u00f6wedes (3,5), Papadopoulos (2,5), Matip (2,5), Fuchs (4)-Neust\u00e4dter (3)-Jones (2,5), Draxler (3)-Holtby (3)-Afellay (3,5), Huntelaar (5). Eingewechselt: Farfan (-), Barnetta (-), Kolasinac (-). Dieser Text erscheint in gek\u00fcrzter Form auch im Gelsenkirchener WAZ-Lokalsport.<\/p>\n<p>Die aufgezeichneten Stimmen zum Spiel &#8211; mit Stevens, Fuchs, Holtby, H\u00f6wedes, B\u00fcskens, Asamoah, Gr\u00fcn &#8211; gibt es hier. Die \u00dcberschrift: &#8222;Schalker freuen sich nach Pflichtsieg auf Pir\u00e4us&#8220;.<\/p>\n<p>Einen Text \u00fcber den an diesem Tag furchtbar schwachen Klaas-Jan Huntelaar (&#8222;Ein schwarzer Tag f\u00fcr Schalke-Torj\u00e4ger Huntelaar&#8220;) findet Ihr <a href=\"http:\/\/www.derwesten.de\/sport\/fussball\/s04\/ein-schwarzer-tag-fuer-schalke-torjaeger-huntelaar-id7099442.html\" target=\"_blank\">hier<\/a>.<\/p>\n<p>Und dann gab es noch ein Gespr\u00e4ch mit Benedikt H\u00f6wedes, das <a href=\"http:\/\/www.derwesten.de\/sport\/fussball\/s04\/schalke-kapitaen-hoewedes-spielt-wieder-und-wird-forsch-id7099446.html\" target=\"_blank\">so<\/a> (&#8222;Schalke-Kapit\u00e4n H\u00f6wedes spielt wieder &#8211; und wird forsch&#8220;) ausging.<\/p>\n","protected":false},"excerpt":{"rendered":"<p>Als alles gesagt war in der Trolli-Arena (die hei\u00dft wirklich so), als der Schalker Busfahrer das Teamgef\u00e4hrt Richtung Flughafen steuerte und sich der Presseraum leerte, verabschiedete ich mich von den Kollegen, die noch in der Nacht Richtung Ruhrgebiet aufbrachen, und &hellip; <a href=\"https:\/\/andreasernst.com\/?p=1911\">Weiterlesen <span class=\"meta-nav\">&rarr;<\/span><\/a><\/p>\n","protected":false},"author":1,"featured_media":0,"comment_status":"open","ping_status":"open","sticky":false,"template":"","format":"standard","meta":{"ngg_post_thumbnail":0,"footnotes":""},"categories":[1,4,3],"tags":[193,192,40,32,106],"class_list":["post-1911","post","type-post","status-publish","format-standard","hentry","category-allgemein","category-fc-schalke-04","category-fusball","tag-fc-schalke-04","tag-fusball","tag-horst-heldt","tag-huntelaar","tag-schalke"],"_links":{"self":[{"href":"https:\/\/andreasernst.com\/index.php?rest_route=\/wp\/v2\/posts\/1911","targetHints":{"allow":["GET"]}}],"collection":[{"href":"https:\/\/andreasernst.com\/index.php?rest_route=\/wp\/v2\/posts"}],"about":[{"href":"https:\/\/andreasernst.com\/index.php?rest_route=\/wp\/v2\/types\/post"}],"author":[{"embeddable":true,"href":"https:\/\/andreasernst.com\/index.php?rest_route=\/wp\/v2\/users\/1"}],"replies":[{"embeddable":true,"href":"https:\/\/andreasernst.com\/index.php?rest_route=%2Fwp%2Fv2%2Fcomments&post=1911"}],"version-history":[{"count":3,"href":"https:\/\/andreasernst.com\/index.php?rest_route=\/wp\/v2\/posts\/1911\/revisions"}],"predecessor-version":[{"id":1913,"href":"https:\/\/andreasernst.com\/index.php?rest_route=\/wp\/v2\/posts\/1911\/revisions\/1913"}],"wp:attachment":[{"href":"https:\/\/andreasernst.com\/index.php?rest_route=%2Fwp%2Fv2%2Fmedia&parent=1911"}],"wp:term":[{"taxonomy":"category","embeddable":true,"href":"https:\/\/andreasernst.com\/index.php?rest_route=%2Fwp%2Fv2%2Fcategories&post=1911"},{"taxonomy":"post_tag","embeddable":true,"href":"https:\/\/andreasernst.com\/index.php?rest_route=%2Fwp%2Fv2%2Ftags&post=1911"}],"curies":[{"name":"wp","href":"https:\/\/api.w.org\/{rel}","templated":true}]}}