{"id":1906,"date":"2012-09-14T01:18:57","date_gmt":"2012-09-14T01:18:57","guid":{"rendered":"http:\/\/andreasernst.com\/?p=1906"},"modified":"2012-09-16T00:19:43","modified_gmt":"2012-09-16T00:19:43","slug":"woche-37-2012-zwischenbilanz","status":"publish","type":"post","link":"https:\/\/andreasernst.com\/?p=1906","title":{"rendered":"Woche 37, 2012. Zwischenbilanz."},"content":{"rendered":"<p>Und wieder sitze ich vor dem Rechner. Nachts. Sp\u00e4tdienst ist vorbei, bin 50 Minuten \u00fcber die Autobahnen 40, 45 und 2 nach Hause ged\u00fcst, &#8222;Metropolis&#8220; von Gareth Emery im Ohr. Ziehe mir gerade noch, um kurz nach zwei, ein paar Folgen &#8222;Lost&#8220; rein (nicht verraten, wie&#8217;s endet, bin erst mitten in der zweiten Staffel) und denke so \u00fcber das Leben nach. Naja, eher \u00fcber das Jahr 2012. Bundesliga mit Fahrten nach Augsburg, N\u00fcrnberg, Bremen, Hundewelpen aufgenommen, VfL in Abstiegsgefahr, EM-Innendienst, mein Bruder wird noch einmal Vater, 29 700 Kilometer im Smart zwischen Ende Oktober 2011 und heute, Olympia-Innendienst, jetzt wieder Bundesliga, L\u00e4nderspiel, bald Champions League, zwischendurch nur f\u00fcnf, sechs Tage Urlaub. Welch ein Jahr privat, welch ein Jahr im geilsten Job der Welt &#8230; Und welch eine Woche!<\/p>\n<p>Sp\u00e4tdienst seit Dienstag, Donnerstag und Freitag Termine auf Schalke, Freitagabend &#8222;normaler&#8220; Zuschauer in Bochum, Samstag und Sonntag Aufenthalt in F\u00fcrth. Weiter, immer weiter.<\/p>\n<p><em>Die \u00dcbersicht meiner Texte bisher in dieser Woche:<\/em><\/p>\n<p>Am <strong>Donnerstag, 13. September 2012<\/strong>, berichtete ich f\u00fcr DerWesten und die WAZ-Lokalredaktion Gelsenkirchen in allen Facetten \u00fcber die Pressekonferenz vor dem Schalke-Spiel bei der SpVgg Greuther F\u00fcrth.<\/p>\n<p>Die Pressekonferenz endete gegen 13.10 Uhr, knapp 75 Minuten sp\u00e4ter standen diese Texte auf unserem Portal:<\/p>\n<ul>\n<li>&#8222;Heldt setzt auf Dialog mit den Schalker Ultras&#8220; &#8211; <a href=\"http:\/\/www.derwesten.de\/sport\/fussball\/s04\/heldt-setzt-auf-dialog-mit-den-schalker-ultras-id7092000.html\" target=\"_blank\">hier<\/a>. Dieser Text erschien auch als zweites, kleines Schalke-St\u00fcck auf der Gelsenkirchener Print-Seite.<\/li>\n<li>&#8222;Afellay wird am Samstag wohl in der Schalker Startelf stehen&#8220; &#8211; <a href=\"http:\/\/www.derwesten.de\/sport\/fussball\/s04\/afellay-wird-am-samstag-wohl-in-der-schalker-startelf-stehen-id7092029.html\" target=\"_blank\">hier<\/a>.<\/li>\n<li>Schalke-Trainer Stevens lobt B\u00fcskens&#8216; &#8222;ehrliche Seele&#8220; &#8211; <a href=\"http:\/\/www.derwesten.de\/sport\/schalke-trainer-stevens-lobt-bueskens-ehrliche-seele-id7092078.html\" target=\"_blank\">hier<\/a>.<\/li>\n<\/ul>\n<p>Die beiden letztgenannten Texte fasste ich f\u00fcr die Printausgabe unter der \u00dcberschrift &#8222;In F\u00fcrth wird es nicht gem\u00fctlich f\u00fcr Schalke&#8220; <a href=\"http:\/\/www.derwesten.de\/sport\/fussball\/s04\/in-fuerth-wird-es-nicht-gemuetlich-fuer-schalke-id7093732.html\" target=\"_blank\">hier<\/a> zusammen.<\/p>\n<p>Am <strong>Freitag, 14. September 2012<\/strong>, erschien noch der Vorbericht &#8222;Edu will es den Schalkern zeigen&#8220; &#8211; <a href=\"http:\/\/www.derwesten.de\/sport\/fussball\/s04\/edu-will-es-den-schalkern-zeigen-id7096774.html\" target=\"_blank\">online<\/a> und im Gelsenkirchener Lokalsport.<\/p>\n<p>Drei Tage zuvor, am <strong>Dienstag, 11. September 2012<\/strong>, benotete ich die deutschen Nationalspieler nach dem 2:1 in \u00d6sterreich (&#8222;Wieder ein ungl\u00fccklicher Auftritt von Schmelzer in der DFB-Elf&#8220;). Die viel diskutierte Einzelkritik, nach Absprache mit dem Kollegen vor Ort im Innendienst vor dem Fernseher verfasst (mach ich &#8211; zugegeben &#8211; sehr, sehr ungern), findet Ihr <a href=\"http:\/\/www.derwesten.de\/sport\/fussball\/wieder-ein-ungluecklicher-auftritt-von-schmelzer-im-dfb-team-id7087960.html\" target=\"_blank\">hier<\/a>.<\/p>\n","protected":false},"excerpt":{"rendered":"<p>Und wieder sitze ich vor dem Rechner. Nachts. Sp\u00e4tdienst ist vorbei, bin 50 Minuten \u00fcber die Autobahnen 40, 45 und 2 nach Hause ged\u00fcst, &#8222;Metropolis&#8220; von Gareth Emery im Ohr. Ziehe mir gerade noch, um kurz nach zwei, ein paar &hellip; <a href=\"https:\/\/andreasernst.com\/?p=1906\">Weiterlesen <span class=\"meta-nav\">&rarr;<\/span><\/a><\/p>\n","protected":false},"author":1,"featured_media":0,"comment_status":"open","ping_status":"open","sticky":false,"template":"","format":"standard","meta":{"ngg_post_thumbnail":0,"footnotes":""},"categories":[1,4,3,112,6],"tags":[193,192,205,195],"class_list":["post-1906","post","type-post","status-publish","format-standard","hentry","category-allgemein","category-fc-schalke-04","category-fusball","category-gelsenkirchen","category-ruhrgebiet","tag-fc-schalke-04","tag-fusball","tag-gelsenkirchen","tag-ruhrgebiet"],"_links":{"self":[{"href":"https:\/\/andreasernst.com\/index.php?rest_route=\/wp\/v2\/posts\/1906","targetHints":{"allow":["GET"]}}],"collection":[{"href":"https:\/\/andreasernst.com\/index.php?rest_route=\/wp\/v2\/posts"}],"about":[{"href":"https:\/\/andreasernst.com\/index.php?rest_route=\/wp\/v2\/types\/post"}],"author":[{"embeddable":true,"href":"https:\/\/andreasernst.com\/index.php?rest_route=\/wp\/v2\/users\/1"}],"replies":[{"embeddable":true,"href":"https:\/\/andreasernst.com\/index.php?rest_route=%2Fwp%2Fv2%2Fcomments&post=1906"}],"version-history":[{"count":2,"href":"https:\/\/andreasernst.com\/index.php?rest_route=\/wp\/v2\/posts\/1906\/revisions"}],"predecessor-version":[{"id":1916,"href":"https:\/\/andreasernst.com\/index.php?rest_route=\/wp\/v2\/posts\/1906\/revisions\/1916"}],"wp:attachment":[{"href":"https:\/\/andreasernst.com\/index.php?rest_route=%2Fwp%2Fv2%2Fmedia&parent=1906"}],"wp:term":[{"taxonomy":"category","embeddable":true,"href":"https:\/\/andreasernst.com\/index.php?rest_route=%2Fwp%2Fv2%2Fcategories&post=1906"},{"taxonomy":"post_tag","embeddable":true,"href":"https:\/\/andreasernst.com\/index.php?rest_route=%2Fwp%2Fv2%2Ftags&post=1906"}],"curies":[{"name":"wp","href":"https:\/\/api.w.org\/{rel}","templated":true}]}}