{"id":1631,"date":"2012-04-08T23:33:10","date_gmt":"2012-04-08T23:33:10","guid":{"rendered":"http:\/\/andreasernst.com\/?p=1631"},"modified":"2012-04-08T23:47:49","modified_gmt":"2012-04-08T23:47:49","slug":"der-unglaubliche-raul","status":"publish","type":"post","link":"https:\/\/andreasernst.com\/?p=1631","title":{"rendered":"Der unglaubliche Ra\u00fal"},"content":{"rendered":"<p>F\u00fcr DerWesten und die WAZ-Lokalredaktion Gelsenkirchen berichtete ich \u00fcber das Fu\u00dfball-Bundesligaspiel zwischen dem FC Schalke 04 und Hannover 96 (3:0).<\/p>\n<p>Zur Schalker Einzelkritik (&#8222;Bestnoten f\u00fcr Ra\u00fal und Farfan bei Schalke-Sieg&#8220;) &#8211; sp\u00e4ter gek\u00fcrzt f\u00fcr die Print-Ausgabe &#8211; geht es <a href=\"http:\/\/www.derwesten.de\/sport\/fussball\/s04\/bestnoten-fuer-ra-l-und-farfan-bei-schalke-sieg-id6537618.html\" target=\"_blank\">hier<\/a>. Die Noten vorab: Unnerstall (3)-Uchida (2), Papadopoulos (3), Metzelder (2,5), Escudero (2,5)-Moritz (4), H\u00f6ger (3)-Farfan (1,5), Ra\u00fal (1), Draxler (4)-Huntelaar (3). Eingewechselt: Holtby (-), Pukki (-), H\u00f6wedes (-).<\/p>\n<p>Die Stimmen zum Spiel (&#8222;Schalke-Trainer Stevens lobt seine gesamte Mannschaft&#8220;) &#8211; von Stevens und Slomka bis Heldt und Huntelaar &#8211; findet Ihr <a href=\"http:\/\/www.derwesten.de\/sport\/fussball\/s04\/schalke-trainer-stevens-lobt-seine-gesamte-mannschaft-id6537879.html\" target=\"_blank\">hier<\/a>.<\/p>\n<p>Zauber-Ra\u00fal und sein Vertrag &#8211; die n\u00e4chste Episode (&#8222;Ra\u00fal verzaubert Schalke &#8211; doch wie lange noch?) &#8211; <a href=\"http:\/\/www.derwesten.de\/sport\/fussball\/s04\/ra-l-verzaubert-schalke-doch-wie-lange-noch-id6537882.html\" target=\"_blank\">hier<\/a>!<\/p>\n<p>Holt Schalke Bremens Torwart Tim Wiese? Manager Horst Heldt reagierte genervt, fast sogar ungehalten (&#8222;Wiese-Spekulation nervt Schalke-Manager Horst Heldt&#8220;). Alles zu diesem Thema habe ich <a href=\"http:\/\/www.derwesten.de\/sport\/fussball\/s04\/wiese-spekulation-nervt-schalke-manager-horst-heldt-id6537881.html\" target=\"_blank\">hier<\/a> aufgeschrieben.<\/p>\n<p><strong>Am Dienstag, 3. April 2012, hielt ich auf dem Weg zum Sp\u00e4tdienst um 15 Uhr am Schalker Trainingsgel\u00e4nde in Gelsenkirchen. Zuerst schaute ich mir das Training an und h\u00f6rte dann Benedikt H\u00f6wedes zu.<\/strong><\/p>\n<p><a href=\"http:\/\/www.derwesten.de\/sport\/fussball\/s04\/schalke-kapitaen-hoewedes-glaubt-an-das-wunder-von-bilbao-id6527283.html\" target=\"_blank\">Dieser Text<\/a> (&#8222;Schalke-Kapit\u00e4n H\u00f6wedes glaubt an das Wunder von Bilbao&#8220;) erschien auf DerWesten und in der Print-Ausgabe der Gelsenkirchener WAZ.<\/p>\n<p>Au\u00dferdem aktualisierte ich die Bildergalerie &#8222;Die 10 gr\u00f6\u00dften Europapokal-Sensationen&#8220;. Zu sehen ist die Fotostrecke <a href=\"http:\/\/www.derwesten.de\/sport\/die-10-groessten-europapokal-sensationen-id4991818.html\" target=\"_blank\">hier<\/a>.<\/p>\n<p><em>W\u00e4hrend der Reise nach Bilbao (Mi.\/Do., 4.\/5. April) war ich im Innendienst der Ansprechpartner\/Online-Quarterback der beiden reisenden Print-Kollegen. Daher gibt es keine &#8222;eigenen&#8220; Zeilen von mir zum Schalke-Aus im Viertelfinale.<\/em><\/p>\n","protected":false},"excerpt":{"rendered":"<p>F\u00fcr DerWesten und die WAZ-Lokalredaktion Gelsenkirchen berichtete ich \u00fcber das Fu\u00dfball-Bundesligaspiel zwischen dem FC Schalke 04 und Hannover 96 (3:0). Zur Schalker Einzelkritik (&#8222;Bestnoten f\u00fcr Ra\u00fal und Farfan bei Schalke-Sieg&#8220;) &#8211; sp\u00e4ter gek\u00fcrzt f\u00fcr die Print-Ausgabe &#8211; geht es hier. &hellip; <a href=\"https:\/\/andreasernst.com\/?p=1631\">Weiterlesen <span class=\"meta-nav\">&rarr;<\/span><\/a><\/p>\n","protected":false},"author":1,"featured_media":0,"comment_status":"open","ping_status":"open","sticky":false,"template":"","format":"standard","meta":{"ngg_post_thumbnail":0,"footnotes":""},"categories":[1,4,3,112,6],"tags":[193,192,205,40,33,195],"class_list":["post-1631","post","type-post","status-publish","format-standard","hentry","category-allgemein","category-fc-schalke-04","category-fusball","category-gelsenkirchen","category-ruhrgebiet","tag-fc-schalke-04","tag-fusball","tag-gelsenkirchen","tag-horst-heldt","tag-raul","tag-ruhrgebiet"],"_links":{"self":[{"href":"https:\/\/andreasernst.com\/index.php?rest_route=\/wp\/v2\/posts\/1631","targetHints":{"allow":["GET"]}}],"collection":[{"href":"https:\/\/andreasernst.com\/index.php?rest_route=\/wp\/v2\/posts"}],"about":[{"href":"https:\/\/andreasernst.com\/index.php?rest_route=\/wp\/v2\/types\/post"}],"author":[{"embeddable":true,"href":"https:\/\/andreasernst.com\/index.php?rest_route=\/wp\/v2\/users\/1"}],"replies":[{"embeddable":true,"href":"https:\/\/andreasernst.com\/index.php?rest_route=%2Fwp%2Fv2%2Fcomments&post=1631"}],"version-history":[{"count":4,"href":"https:\/\/andreasernst.com\/index.php?rest_route=\/wp\/v2\/posts\/1631\/revisions"}],"predecessor-version":[{"id":1634,"href":"https:\/\/andreasernst.com\/index.php?rest_route=\/wp\/v2\/posts\/1631\/revisions\/1634"}],"wp:attachment":[{"href":"https:\/\/andreasernst.com\/index.php?rest_route=%2Fwp%2Fv2%2Fmedia&parent=1631"}],"wp:term":[{"taxonomy":"category","embeddable":true,"href":"https:\/\/andreasernst.com\/index.php?rest_route=%2Fwp%2Fv2%2Fcategories&post=1631"},{"taxonomy":"post_tag","embeddable":true,"href":"https:\/\/andreasernst.com\/index.php?rest_route=%2Fwp%2Fv2%2Ftags&post=1631"}],"curies":[{"name":"wp","href":"https:\/\/api.w.org\/{rel}","templated":true}]}}