{"id":1593,"date":"2012-02-24T20:48:57","date_gmt":"2012-02-24T20:48:57","guid":{"rendered":"http:\/\/andreasernst.com\/?p=1593"},"modified":"2012-02-24T20:48:57","modified_gmt":"2012-02-24T20:48:57","slug":"huntelaar-mal-drei","status":"publish","type":"post","link":"https:\/\/andreasernst.com\/?p=1593","title":{"rendered":"Huntelaar mal drei"},"content":{"rendered":"<p>F\u00fcr DerWesten und die WAZ-Lokalredaktion Gelsenkirchen berichtete ich am Donnerstag, 23. Februar, \u00fcber das Europa-League-Spiel zwischen dem FC Schalke 04 und Viktoria Pilsen (3:1 nach Verl\u00e4ngerung). Noch nie habe ich die Arena nach einem Fu\u00dfballspiel so sp\u00e4t verlassen &#8211; die letzte Spieler kam gegen 0.45 Uhr durch die Mixed Zone. Wurde ne Nachtschicht am Rechner, Bettruhe 3.25 Uhr.<\/p>\n<p>Zu meiner Einzelkritik (&#8222;Schalke-Torj\u00e4ger Huntelaar mit Weltklasseleistung&#8220;) geht es <a href=\"http:\/\/www.derwesten.de\/sport\/fussball\/s04\/schalke-torjaeger-huntelaar-mit-weltklasseleistung-id6395566.html\" target=\"_blank\">hier<\/a>. Ziemlich kritische Sache, da der Text genau 145 Zeilen umfassen und mit dem Schlusspfiff (diesmal 23.28 Uhr) geschickt werden musste&#8230; Die Noten vorab: Hildebrand (3,5)-H\u00f6wedes (3), Papadopoulos (3), Metzelder (3), Fuchs (4)-Matip (4), H\u00f6ger (4)-Farfan (4,5), Ra\u00fal (3,5), Draxler (4)-Huntelaar (1). Eingewechselt: Obasi (2,5), Baumjohann (3), Marica (-).<\/p>\n<p>Eine Geschichte \u00fcber die Vertragsmodalit\u00e4ten des Triple-Hunters (&#8222;Zu viele Tore &#8211; Schalke wartet mit Angebot f\u00fcr Huntelaar&#8220;) k\u00f6nnt Ihr <a href=\"http:\/\/www.derwesten.de\/sport\/fussball\/s04\/schalke-wartet-mit-angebot-fuer-huntelaar-wegen-zu-vieler-tore-id6395637.html\" target=\"_blank\">hier<\/a> nachlesen &#8230;<\/p>\n<p>&#8230; und die Stimmen zum Spiel &#8211; mit Stevens, Heldt, H\u00f6ger, Hildebrand, Huntelaar &#8211; <a href=\"http:\/\/www.derwesten.de\/sport\/fussball\/s04\/schalke-aergert-sich-ueber-verlaengerung-vor-bayern-spiel-id6395639.html\" target=\"_blank\">hier <\/a>(&#8222;Schalke \u00e4rgert sich \u00fcber Verl\u00e4ngerung vor dem Bayern-Spiel&#8220;).<\/p>\n<p><strong>Am Tag vor dem Europa-League-Spiel (Mittwoch, 22. Februar 2012) besuchte ich die Schalker Abschluss-Pressekonferenz und schrieb in den 90 Minuten danach drei Texte f\u00fcr DerWesten:<\/strong><\/p>\n<p>Schalke-Manager Horst Heldt \u00e4u\u00dferte sich \u00fcber den Stand der Verhandlungen mit Ra\u00fal. Zum Text (&#8222;Heldt wei\u00df nichts von Real-Madrid-Gehalt f\u00fcr Ra\u00fal&#8220;) <a href=\"http:\/\/www.derwesten.de\/sport\/fussball\/s04\/heldt-weiss-nichts-von-real-madrid-gehalt-fuer-ra-l-id6389981.html\" target=\"_blank\">hier<\/a> entlang.<\/p>\n<p>Da Timo Hildebrand bei der &#8222;PK&#8220; ein paar Fragen beantwortete, entstand <a href=\"http:\/\/www.derwesten.de\/sport\/fussball\/s04\/schalke-vertraut-torwart-timo-hildebrand-id6389458.html\" target=\"_blank\">dieser Text<\/a> (&#8222;Schalke vertraut Timo Hildebrand&#8220;).<\/p>\n<p>Und die Aussagen von Trainer Huub Stevens habe ich <a href=\"http:\/\/www.derwesten.de\/sport\/fussball\/s04\/fuer-schalke-trainer-stevens-zaehlt-pilsen-und-nicht-der-fc-bayern-id6389447.html\" target=\"_blank\">hier<\/a> zusammengefasst (&#8222;F\u00fcr Schalke-Trainer Stevens z\u00e4hlt Pilsen &#8211; nicht Bayern&#8220;).<\/p>\n","protected":false},"excerpt":{"rendered":"<p>F\u00fcr DerWesten und die WAZ-Lokalredaktion Gelsenkirchen berichtete ich am Donnerstag, 23. Februar, \u00fcber das Europa-League-Spiel zwischen dem FC Schalke 04 und Viktoria Pilsen (3:1 nach Verl\u00e4ngerung). Noch nie habe ich die Arena nach einem Fu\u00dfballspiel so sp\u00e4t verlassen &#8211; die &hellip; <a href=\"https:\/\/andreasernst.com\/?p=1593\">Weiterlesen <span class=\"meta-nav\">&rarr;<\/span><\/a><\/p>\n","protected":false},"author":1,"featured_media":0,"comment_status":"open","ping_status":"open","sticky":false,"template":"","format":"standard","meta":{"ngg_post_thumbnail":0,"footnotes":""},"categories":[1,4,3,112,6],"tags":[193,192,40,32,33,195],"class_list":["post-1593","post","type-post","status-publish","format-standard","hentry","category-allgemein","category-fc-schalke-04","category-fusball","category-gelsenkirchen","category-ruhrgebiet","tag-fc-schalke-04","tag-fusball","tag-horst-heldt","tag-huntelaar","tag-raul","tag-ruhrgebiet"],"_links":{"self":[{"href":"https:\/\/andreasernst.com\/index.php?rest_route=\/wp\/v2\/posts\/1593","targetHints":{"allow":["GET"]}}],"collection":[{"href":"https:\/\/andreasernst.com\/index.php?rest_route=\/wp\/v2\/posts"}],"about":[{"href":"https:\/\/andreasernst.com\/index.php?rest_route=\/wp\/v2\/types\/post"}],"author":[{"embeddable":true,"href":"https:\/\/andreasernst.com\/index.php?rest_route=\/wp\/v2\/users\/1"}],"replies":[{"embeddable":true,"href":"https:\/\/andreasernst.com\/index.php?rest_route=%2Fwp%2Fv2%2Fcomments&post=1593"}],"version-history":[{"count":1,"href":"https:\/\/andreasernst.com\/index.php?rest_route=\/wp\/v2\/posts\/1593\/revisions"}],"predecessor-version":[{"id":1594,"href":"https:\/\/andreasernst.com\/index.php?rest_route=\/wp\/v2\/posts\/1593\/revisions\/1594"}],"wp:attachment":[{"href":"https:\/\/andreasernst.com\/index.php?rest_route=%2Fwp%2Fv2%2Fmedia&parent=1593"}],"wp:term":[{"taxonomy":"category","embeddable":true,"href":"https:\/\/andreasernst.com\/index.php?rest_route=%2Fwp%2Fv2%2Fcategories&post=1593"},{"taxonomy":"post_tag","embeddable":true,"href":"https:\/\/andreasernst.com\/index.php?rest_route=%2Fwp%2Fv2%2Ftags&post=1593"}],"curies":[{"name":"wp","href":"https:\/\/api.w.org\/{rel}","templated":true}]}}