{"id":1556,"date":"2012-02-05T00:14:25","date_gmt":"2012-02-05T00:14:25","guid":{"rendered":"http:\/\/andreasernst.com\/?p=1556"},"modified":"2012-02-05T01:00:52","modified_gmt":"2012-02-05T01:00:52","slug":"erst-zidan-dann-obasi-und-sky-klaut","status":"publish","type":"post","link":"https:\/\/andreasernst.com\/?p=1556","title":{"rendered":"Erst Zidan &#8211; dann Obasi &#8211; und Sky klaut"},"content":{"rendered":"<p>F\u00fcr DerWesten und die WAZ-Lokalredaktion Gelsenkirchen berichtete ich \u00fcber das Fu\u00dfball-Bundesligaspiel zwischen dem FC Schalke 04 und dem FSV Mainz 05 (1:1). Den Abend danach w\u00fcrde ich am liebsten schnell vergessen.<\/p>\n<p>Grund Nummer 1: erhebliche technische Probleme bei uns, damit verbunden &#8222;Wartungsarbeiten&#8220; bis ein Uhr in der Nacht.<\/p>\n<p>Grund Nummer 2: Die Redaktion der Sky-Sendung &#8222;Samstag Live&#8220; hatte es in der Tat n\u00f6tig, bei mir zu klauen! Zu Gast in der Sendung am 4. Februar war Schalke-Profi Hans Sarpei. Bei DerWesten und in der Show &#8222;Samstag Live&#8220; gibt es ein \u00e4hnliches, bekanntes Format &#8211; bei uns hei\u00dft das &#8222;Blitzinterview&#8220; (seit 2008 \u00fcbrigens), bei Sky &#8222;Entweder-Oder&#8220; (seit Beginn der Saison 2010\/2011). Konzept: Ein Prominenter muss sich zwischen Gegensatzpaaren entscheiden. Nun begannen die Moderatoren Oliver Pocher und Jessica Kastrop mit dem Gegensatzpaar &#8222;Magath oder Mandela&#8220; &#8211; gut nachgedacht, aber offensichtlich geklaut! Im November 2011 (!) stellte ich Sarpei genau diese Frage auch, im unten verlinkten Video ist das zu sehen! Schwach, Sky, wirklich schwach. Es h\u00e4tte so viele andere M\u00f6glichkeiten gegeben.<\/p>\n<p>Zum Videobeweis <a href=\"http:\/\/andreasernst.com\/?p=1028\" target=\"_blank\">hier<\/a> entlang &#8211; und jetzt endlich zu den entstandenen Texten nach dem Mainz-Spiel:<\/p>\n<p>Zu meiner Einzelkritik &#8211; mit dem Schlusspfiff an die Online-Redaktion gemailt, sp\u00e4ter f\u00fcr die Print-Ausgabe gek\u00fcrzt und gegl\u00e4ttet &#8211; geht es <a href=\"http:\/\/www.derwesten.de\/sport\/schalkes-marica-gelang-gegen-mainz-nichts-id6314729.html\" target=\"_blank\">hier<\/a>. Die \u00dcberschrift: &#8222;Schalkes Marica gelang gegen Mainz nichts&#8220;. Die Noten vorab: Unnerstall (3,5)-H\u00f6ger (4), Papadopoulos (2,5), H\u00f6wedes (3), Fuchs (4)-Matip (3,5)-Obasi (3), Draxler (4)-Ra\u00fal (4)-Marica (5), Huntelaar (4,5). Eingewechselt: Jurado (2,5), Farfan (2,5), Pukki (-)<\/p>\n<p>Die Stimmen zum Spiel (&#8222;Schalke-Manager Heldt fand die Stimmung irritierend&#8220;) &#8211; mit Stevens, Heldt, Wetklo, Zidan, Tuchel, Unnerstall, Fuchs, H\u00f6ger, Huntelaar &#8211; gibt es <a href=\"http:\/\/www.derwesten.de\/sport\/fussball\/s04\/schalke-manager-heldt-fand-die-stimmung-irritierend-id6314892.html\" target=\"_blank\">hier<\/a>.<\/p>\n","protected":false},"excerpt":{"rendered":"<p>F\u00fcr DerWesten und die WAZ-Lokalredaktion Gelsenkirchen berichtete ich \u00fcber das Fu\u00dfball-Bundesligaspiel zwischen dem FC Schalke 04 und dem FSV Mainz 05 (1:1). Den Abend danach w\u00fcrde ich am liebsten schnell vergessen. Grund Nummer 1: erhebliche technische Probleme bei uns, damit &hellip; <a href=\"https:\/\/andreasernst.com\/?p=1556\">Weiterlesen <span class=\"meta-nav\">&rarr;<\/span><\/a><\/p>\n","protected":false},"author":1,"featured_media":0,"comment_status":"open","ping_status":"open","sticky":false,"template":"","format":"standard","meta":{"ngg_post_thumbnail":0,"footnotes":""},"categories":[1,4,3,112,6],"tags":[193,192,205,40,32,195],"class_list":["post-1556","post","type-post","status-publish","format-standard","hentry","category-allgemein","category-fc-schalke-04","category-fusball","category-gelsenkirchen","category-ruhrgebiet","tag-fc-schalke-04","tag-fusball","tag-gelsenkirchen","tag-horst-heldt","tag-huntelaar","tag-ruhrgebiet"],"_links":{"self":[{"href":"https:\/\/andreasernst.com\/index.php?rest_route=\/wp\/v2\/posts\/1556","targetHints":{"allow":["GET"]}}],"collection":[{"href":"https:\/\/andreasernst.com\/index.php?rest_route=\/wp\/v2\/posts"}],"about":[{"href":"https:\/\/andreasernst.com\/index.php?rest_route=\/wp\/v2\/types\/post"}],"author":[{"embeddable":true,"href":"https:\/\/andreasernst.com\/index.php?rest_route=\/wp\/v2\/users\/1"}],"replies":[{"embeddable":true,"href":"https:\/\/andreasernst.com\/index.php?rest_route=%2Fwp%2Fv2%2Fcomments&post=1556"}],"version-history":[{"count":6,"href":"https:\/\/andreasernst.com\/index.php?rest_route=\/wp\/v2\/posts\/1556\/revisions"}],"predecessor-version":[{"id":1562,"href":"https:\/\/andreasernst.com\/index.php?rest_route=\/wp\/v2\/posts\/1556\/revisions\/1562"}],"wp:attachment":[{"href":"https:\/\/andreasernst.com\/index.php?rest_route=%2Fwp%2Fv2%2Fmedia&parent=1556"}],"wp:term":[{"taxonomy":"category","embeddable":true,"href":"https:\/\/andreasernst.com\/index.php?rest_route=%2Fwp%2Fv2%2Fcategories&post=1556"},{"taxonomy":"post_tag","embeddable":true,"href":"https:\/\/andreasernst.com\/index.php?rest_route=%2Fwp%2Fv2%2Ftags&post=1556"}],"curies":[{"name":"wp","href":"https:\/\/api.w.org\/{rel}","templated":true}]}}