{"id":1500,"date":"2011-09-01T14:16:27","date_gmt":"2011-09-01T14:16:27","guid":{"rendered":"http:\/\/andreasernst.com\/?p=1500"},"modified":"2012-02-02T14:22:21","modified_gmt":"2012-02-02T14:22:21","slug":"vatan-klebt-das-pech-an-den-stiefeln","status":"publish","type":"post","link":"https:\/\/andreasernst.com\/?p=1500","title":{"rendered":"Vatan klebt das Pech an den Stiefeln"},"content":{"rendered":"<p>F\u00fcr die M\u00fclheimer Woche berichtete ich im September 1995 \u00fcber das Landesligaspiel zwischen Vatan Spor und dem SV Kray 04 (0:1). Einige Tippfehler (alte\/neue Rechtschreibung) sind korrigiert. Ab (\u2026) wurde der Text mit einer Vorschau aufs n\u00e4chste Spiel und ein paar Zeilen \u00fcber den VfB Speldorf fortgesetzt, die ich nicht mitkopiere:<\/p>\n<p><strong>Zwei Fu\u00dfball-Weisheiten treffen momentan auf den M\u00fclheimer Fu\u00dfball-Landesligisten Vatan Spor zu: &#8222;Wer unten steht, hat die Seuche an den F\u00fc\u00dfen&#8220; und &#8222;Erst hatten sie kein Gl\u00fcck und dann kam auch noch Pech dazu&#8220;. Gegen den SV Kray 04 kassierte die Truppe von Dirk Pusch durch einen Gegentreffer in der Nachspielzeit mit 0:1 (0:0) die sechste Saisonniederlage. (&#8230;)<\/strong><\/p>\n<p>16 Ecken, sechs hundertprozentige Torchancen und die \u00fcberlegene Spielweise reichten dem Vatan-Team nicht, um im Spiel gegen den SV Kray 04 drei Punkte einzufahren. Vor allem Osman Cicekdal h\u00e4tte den Gast im Alleingang erschie\u00dfen k\u00f6nnen. Dass am Ende vor 120 Besuchern im Ruhrstadion sogar noch der sicher geglaubte eine Punkt verspielt wurde, lag an einem krassen Abwehrfehler von Libero Kilic. Er verlor den Ball, so dass der Krayer K\u00f6llmann allein aufs Tor zulief. Seinen Schuss konnte Manndecker Bozkurt noch abwehren, doch gegen den Nachschuss von Gordon Ribnikar war kein Kraut gewachsen &#8211; 0:1! Durch diese Niederlage behielt Vatan Spor den vorletzten Platz.<\/p>\n<p>(&#8230;)<strong><br \/>\n<\/strong><\/p>\n","protected":false},"excerpt":{"rendered":"<p>F\u00fcr die M\u00fclheimer Woche berichtete ich im September 1995 \u00fcber das Landesligaspiel zwischen Vatan Spor und dem SV Kray 04 (0:1). Einige Tippfehler (alte\/neue Rechtschreibung) sind korrigiert. Ab (\u2026) wurde der Text mit einer Vorschau aufs n\u00e4chste Spiel und ein &hellip; <a href=\"https:\/\/andreasernst.com\/?p=1500\">Weiterlesen <span class=\"meta-nav\">&rarr;<\/span><\/a><\/p>\n","protected":false},"author":1,"featured_media":0,"comment_status":"open","ping_status":"open","sticky":false,"template":"","format":"standard","meta":{"ngg_post_thumbnail":0,"footnotes":""},"categories":[1,3,60,6],"tags":[192,201,195,203],"class_list":["post-1500","post","type-post","status-publish","format-standard","hentry","category-allgemein","category-fusball","category-mulheim","category-ruhrgebiet","tag-fusball","tag-mulheim","tag-ruhrgebiet","tag-vfb-speldorf"],"_links":{"self":[{"href":"https:\/\/andreasernst.com\/index.php?rest_route=\/wp\/v2\/posts\/1500","targetHints":{"allow":["GET"]}}],"collection":[{"href":"https:\/\/andreasernst.com\/index.php?rest_route=\/wp\/v2\/posts"}],"about":[{"href":"https:\/\/andreasernst.com\/index.php?rest_route=\/wp\/v2\/types\/post"}],"author":[{"embeddable":true,"href":"https:\/\/andreasernst.com\/index.php?rest_route=\/wp\/v2\/users\/1"}],"replies":[{"embeddable":true,"href":"https:\/\/andreasernst.com\/index.php?rest_route=%2Fwp%2Fv2%2Fcomments&post=1500"}],"version-history":[{"count":2,"href":"https:\/\/andreasernst.com\/index.php?rest_route=\/wp\/v2\/posts\/1500\/revisions"}],"predecessor-version":[{"id":1502,"href":"https:\/\/andreasernst.com\/index.php?rest_route=\/wp\/v2\/posts\/1500\/revisions\/1502"}],"wp:attachment":[{"href":"https:\/\/andreasernst.com\/index.php?rest_route=%2Fwp%2Fv2%2Fmedia&parent=1500"}],"wp:term":[{"taxonomy":"category","embeddable":true,"href":"https:\/\/andreasernst.com\/index.php?rest_route=%2Fwp%2Fv2%2Fcategories&post=1500"},{"taxonomy":"post_tag","embeddable":true,"href":"https:\/\/andreasernst.com\/index.php?rest_route=%2Fwp%2Fv2%2Ftags&post=1500"}],"curies":[{"name":"wp","href":"https:\/\/api.w.org\/{rel}","templated":true}]}}