{"id":1451,"date":"2012-01-27T00:15:02","date_gmt":"2012-01-27T00:15:02","guid":{"rendered":"http:\/\/andreasernst.com\/?p=1451"},"modified":"2012-01-28T13:04:30","modified_gmt":"2012-01-28T13:04:30","slug":"zwei-tage-vor-dem-konigsblauen-spiel-in-koln","status":"publish","type":"post","link":"https:\/\/andreasernst.com\/?p=1451","title":{"rendered":"Zwei Tage vor dem k\u00f6nigsblauen Spiel in K\u00f6ln"},"content":{"rendered":"<p>Samstag! Fu\u00dfball! K\u00f6ln! Schalke! Vorfreude! Am Donnerstag besuchte ich die Schalker Abschluss-Pressekonferenz und fasste die Aussagen von Huub Stevens und Horst Heldt <a href=\"http:\/\/www.derwesten.de\/sport\/fussball\/s04\/schalke-trainer-stevens-sorgt-sich-um-ra-l-id6285105.html\" target=\"_blank\">so zusammen<\/a> (&#8222;Schalke-Trainer Stevens sorgt sich um Ra\u00fal&#8220;)<\/p>\n<p>Sp\u00e4t am Abend habe ich noch ein paar Zitate von Felix Magath \u00fcber Hans Sarpei aufgeschnappt und daraus <a href=\"http:\/\/www.derwesten.de\/sport\/fussball\/s04\/magath-kontert-kritik-von-schalkes-hans-sarpei-id6287623.html\" target=\"_blank\">diesen Text<\/a> zusammengebaut (&#8222;Magath kontert Kritik von Schalkes Hans Sarpei&#8220;).<\/p>\n<p><strong>Am Tag vor dem Spiel (Freitag, 27. Januar) vervollst\u00e4ndigte ich die Vorberichterstattung und drehte das Sarpei-Thema weiter:<\/strong><\/p>\n<p>Dass Ra\u00fal fehlt, steht <a href=\"http:\/\/www.derwesten.de\/sport\/schalke-muss-in-koeln-auf-ra-l-verzichten-id6290115.html\" target=\"_blank\">hier<\/a> (&#8222;Schalke muss in K\u00f6ln auf Ra\u00fal verzichten&#8220;).<\/p>\n<p>Wie Hans Sarpei auf Magaths Konter reagiert hat? Einfach <a href=\"http:\/\/www.derwesten.de\/sport\/fussball\/s04\/schalkes-sarpei-reagiert-sueffisant-auf-magaths-konter-id6290776.html\" target=\"_blank\">hier<\/a> mal nachschauen.<\/p>\n","protected":false},"excerpt":{"rendered":"<p>Samstag! Fu\u00dfball! K\u00f6ln! Schalke! Vorfreude! Am Donnerstag besuchte ich die Schalker Abschluss-Pressekonferenz und fasste die Aussagen von Huub Stevens und Horst Heldt so zusammen (&#8222;Schalke-Trainer Stevens sorgt sich um Ra\u00fal&#8220;) Sp\u00e4t am Abend habe ich noch ein paar Zitate von &hellip; <a href=\"https:\/\/andreasernst.com\/?p=1451\">Weiterlesen <span class=\"meta-nav\">&rarr;<\/span><\/a><\/p>\n","protected":false},"author":1,"featured_media":0,"comment_status":"open","ping_status":"open","sticky":false,"template":"","format":"standard","meta":{"ngg_post_thumbnail":0,"footnotes":""},"categories":[1,4,3,112,6],"tags":[193,192,205,33,195,99],"class_list":["post-1451","post","type-post","status-publish","format-standard","hentry","category-allgemein","category-fc-schalke-04","category-fusball","category-gelsenkirchen","category-ruhrgebiet","tag-fc-schalke-04","tag-fusball","tag-gelsenkirchen","tag-raul","tag-ruhrgebiet","tag-sarpei"],"_links":{"self":[{"href":"https:\/\/andreasernst.com\/index.php?rest_route=\/wp\/v2\/posts\/1451","targetHints":{"allow":["GET"]}}],"collection":[{"href":"https:\/\/andreasernst.com\/index.php?rest_route=\/wp\/v2\/posts"}],"about":[{"href":"https:\/\/andreasernst.com\/index.php?rest_route=\/wp\/v2\/types\/post"}],"author":[{"embeddable":true,"href":"https:\/\/andreasernst.com\/index.php?rest_route=\/wp\/v2\/users\/1"}],"replies":[{"embeddable":true,"href":"https:\/\/andreasernst.com\/index.php?rest_route=%2Fwp%2Fv2%2Fcomments&post=1451"}],"version-history":[{"count":3,"href":"https:\/\/andreasernst.com\/index.php?rest_route=\/wp\/v2\/posts\/1451\/revisions"}],"predecessor-version":[{"id":1453,"href":"https:\/\/andreasernst.com\/index.php?rest_route=\/wp\/v2\/posts\/1451\/revisions\/1453"}],"wp:attachment":[{"href":"https:\/\/andreasernst.com\/index.php?rest_route=%2Fwp%2Fv2%2Fmedia&parent=1451"}],"wp:term":[{"taxonomy":"category","embeddable":true,"href":"https:\/\/andreasernst.com\/index.php?rest_route=%2Fwp%2Fv2%2Fcategories&post=1451"},{"taxonomy":"post_tag","embeddable":true,"href":"https:\/\/andreasernst.com\/index.php?rest_route=%2Fwp%2Fv2%2Ftags&post=1451"}],"curies":[{"name":"wp","href":"https:\/\/api.w.org\/{rel}","templated":true}]}}