{"id":1322,"date":"2011-12-19T00:08:17","date_gmt":"2011-12-19T00:08:17","guid":{"rendered":"http:\/\/andreasernst.com\/?p=1322"},"modified":"2011-12-19T00:08:17","modified_gmt":"2011-12-19T00:08:17","slug":"raul-mal-drei","status":"publish","type":"post","link":"https:\/\/andreasernst.com\/?p=1322","title":{"rendered":"Ra\u00fal mal drei"},"content":{"rendered":"<p>F\u00fcr DerWesten und die WAZ-Lokalredaktion Gelsenkirchen berichtete ich \u00fcber das Fu\u00dfball-Bundesligaspiel zwischen dem FC Schalke 04 und Werder Bremen (5:0, Tore: Ra\u00fal 3, Huntelaar, Papadopoulos). Es passierte eine Menge, deshalb gibt&#8217;s von mir diesmal viiiiiel Lesestoff&#8230;<\/p>\n<p>Zur Einzelkritik (&#8222;Die n\u00e4chste 1 f\u00fcr Schalke-Legende Ra\u00fal&#8220;) geht es <a href=\"http:\/\/www.derwesten.de\/sport\/fussball\/s04\/die-naechste-1-fuer-schalke-legende-ra-l-id6172014.html\" target=\"_blank\">hier<\/a>. Die ausf\u00fchrliche Version f\u00fcr DerWesten mailte ich eine Sekunde nach dem Schlusspfiff an die Redaktion (etwa 170 Print-Zeilen&#8230;), die auf 108 Zeilen gek\u00fcrzte und gegl\u00e4ttete Print-Version erschien am Montag in der WAZ Gelsenkirchen. Die Noten: Unnerstall (2,5)-H\u00f6wedes (3), Papadopoulos (2), Matip (3), Fuchs (2)-Jones (3)-H\u00f6ger (3), Jurado (2,5)-Ra\u00fal (1)-Pukki (3), Huntelaar (1,5). Eingewechselt: Draxler (3), Marica (-), Baumjohann (-).<\/p>\n<p>Eine &#8211; liegt nahe &#8211; Ra\u00fal-Story mit der \u00dcberschrift &#8222;Herr Heldt, bleibt Ra\u00fal bei Schalke&#8220; k\u00f6nnt Ihr <a href=\"http:\/\/www.derwesten.de\/sport\/fussball\/s04\/herr-heldt-bleibt-ra-l-bei-schalke-id6172217.html\" target=\"_blank\">hier<\/a> finden. Dazu legte ich nach dem Spiel eine Umfrage an &#8211; Frage: &#8222;Soll Schalke den Vertrag mit Ra\u00fal verl\u00e4ngern?&#8220; (Zwischenstand am 18. Dezember, 23.59 Uhr, 650 abgegebene Stimmen: 70 Prozent Ja, 24 Prozent Ja, aber nur ein Jahr, 6 Prozent Nein).<\/p>\n<p>Die Geschichte &#8222;Warum Schalke-Trainer Stevens auf die Trib\u00fcne musste&#8220; steht <a href=\"http:\/\/www.derwesten.de\/sport\/fussball\/s04\/warum-schalke-trainer-stevens-auf-die-tribuene-musste-id6172179.html\" target=\"_blank\">hier<\/a>.<\/p>\n<p>Die Stimmen zum Spiel (&#8222;Schalke will kein Bayern-J\u00e4ger sein&#8220;) stehen <a href=\"http:\/\/www.derwesten.de\/sport\/fussball\/s04\/schalke-will-kein-bayern-jaeger-sein-id6172139.html\" target=\"_blank\">hier<\/a> &#8211; mit Stevens, Heldt, Fuchs, H\u00f6wedes, Jones, Huntelaar, Ra\u00fal, Schaaf, Naldo.<\/p>\n<p>Die Aussagen von Klaas-Jan Huntelaar habe ich <a href=\"http:\/\/www.derwesten.de\/sport\/fussball\/s04\/huntelaars-niedlicher-dialog-mit-schalke-co-eichkorn-id6172222.html\" target=\"_blank\">hier<\/a> (&#8222;Huntelaars niedlicher Dialog mit Schalke-&#8222;Co&#8220; Eichkorn&#8220;) zusammengefasst &#8211; f\u00fcr die Mo.-Ausgabe der WAZ Gelsenkirchen.<\/p>\n<p>Und dass die Schalker gegen die Eintrittspreise des Europa-League-Gegners Viktoria Pilsen protestieren, k\u00f6nnt Ihr <a href=\"http:\/\/www.derwesten.de\/sport\/schalke-wehrt-sich-gegen-eintrittspreise-in-pilsen-id6172216.html\" target=\"_blank\">hier<\/a> nachlesen.<\/p>\n","protected":false},"excerpt":{"rendered":"<p>F\u00fcr DerWesten und die WAZ-Lokalredaktion Gelsenkirchen berichtete ich \u00fcber das Fu\u00dfball-Bundesligaspiel zwischen dem FC Schalke 04 und Werder Bremen (5:0, Tore: Ra\u00fal 3, Huntelaar, Papadopoulos). Es passierte eine Menge, deshalb gibt&#8217;s von mir diesmal viiiiiel Lesestoff&#8230; Zur Einzelkritik (&#8222;Die n\u00e4chste &hellip; <a href=\"https:\/\/andreasernst.com\/?p=1322\">Weiterlesen <span class=\"meta-nav\">&rarr;<\/span><\/a><\/p>\n","protected":false},"author":1,"featured_media":0,"comment_status":"open","ping_status":"open","sticky":false,"template":"","format":"standard","meta":{"ngg_post_thumbnail":0,"footnotes":""},"categories":[1,4,3,112,6],"tags":[193,192,205,40,32,33,195],"class_list":["post-1322","post","type-post","status-publish","format-standard","hentry","category-allgemein","category-fc-schalke-04","category-fusball","category-gelsenkirchen","category-ruhrgebiet","tag-fc-schalke-04","tag-fusball","tag-gelsenkirchen","tag-horst-heldt","tag-huntelaar","tag-raul","tag-ruhrgebiet"],"_links":{"self":[{"href":"https:\/\/andreasernst.com\/index.php?rest_route=\/wp\/v2\/posts\/1322","targetHints":{"allow":["GET"]}}],"collection":[{"href":"https:\/\/andreasernst.com\/index.php?rest_route=\/wp\/v2\/posts"}],"about":[{"href":"https:\/\/andreasernst.com\/index.php?rest_route=\/wp\/v2\/types\/post"}],"author":[{"embeddable":true,"href":"https:\/\/andreasernst.com\/index.php?rest_route=\/wp\/v2\/users\/1"}],"replies":[{"embeddable":true,"href":"https:\/\/andreasernst.com\/index.php?rest_route=%2Fwp%2Fv2%2Fcomments&post=1322"}],"version-history":[{"count":1,"href":"https:\/\/andreasernst.com\/index.php?rest_route=\/wp\/v2\/posts\/1322\/revisions"}],"predecessor-version":[{"id":1323,"href":"https:\/\/andreasernst.com\/index.php?rest_route=\/wp\/v2\/posts\/1322\/revisions\/1323"}],"wp:attachment":[{"href":"https:\/\/andreasernst.com\/index.php?rest_route=%2Fwp%2Fv2%2Fmedia&parent=1322"}],"wp:term":[{"taxonomy":"category","embeddable":true,"href":"https:\/\/andreasernst.com\/index.php?rest_route=%2Fwp%2Fv2%2Fcategories&post=1322"},{"taxonomy":"post_tag","embeddable":true,"href":"https:\/\/andreasernst.com\/index.php?rest_route=%2Fwp%2Fv2%2Ftags&post=1322"}],"curies":[{"name":"wp","href":"https:\/\/api.w.org\/{rel}","templated":true}]}}