{"id":1198,"date":"2011-09-02T00:05:16","date_gmt":"2011-09-02T00:05:16","guid":{"rendered":"http:\/\/andreasernst.com\/?p=1198"},"modified":"2011-11-25T00:12:21","modified_gmt":"2011-11-25T00:12:21","slug":"schutzenfest-begann-bereits-nach-99-sekunden","status":"publish","type":"post","link":"https:\/\/andreasernst.com\/?p=1198","title":{"rendered":"Sch\u00fctzenfest begann bereits nach 99 Sekunden"},"content":{"rendered":"<p>Am 30. April 2005 berichtete ich f\u00fcr die WAZ\/NRZ M\u00fclheim \u00fcber das Fu\u00dfball-Verbandsligaspiel zwischen dem VfB Speldorf und dem SC Kapellen-Erft (8:1).<\/p>\n<p><strong>Rein in den Text:<\/strong><\/p>\n<p>An diesen Freitagabend werden sich die Fans des Fu\u00dfball-Verbandsligisten VfB Speldorf noch lange erinnern. Mit einer fantastischen und oberligareifen Leistung deklassierte der Spitzenreiter gestern Abend den SC Kapellen-Erft mit 8:1 (3:0) Toren. Die Szenen direkt nach dem Abpfiff glichen fast schon einer Aufstiegsparty. Die Spieler waren kaum zu halten, jubelten mit den Fans, der Beifall kannte keine Grenzen. Alle 770 Zuschauer gingen begeistert nach Hause. Mitten auf dem Rasen stand Trainer Piero Lussu, auch au\u00dfer Rand und Band. &#8222;Das war perfekter Fu\u00dfball&#8220;, sagte der Coach. Doch noch sind drei Spiele zu absolvieren. Wenn die Gr\u00fcn-Wei\u00dfen den Schwung aus dem gestrigen Fu\u00dfballrausch mitnehmen, dann brennt nichts mehr an.<\/p>\n<p>Bereits nach 99 Sekunden ging das Sch\u00fctzenfest los. Nach einem Foul von Torsten M\u00fcllers an Marco Ferreira gab es zurecht Elfmeter. Andreas Przybilla verwandelte sicher zum 1:0 &#8211; und das war der Startschuss f\u00fcr eine Fu\u00dfball-Demonstration.<\/p>\n<p>Das Speldorfer Angriffsspiel war so variabel, dass den bedauernswerten G\u00e4sten schwindelig wurde. H\u00e4ufig knackten die Gr\u00fcn-Wei\u00dfen die SC-Abwehr mit langen P\u00e4ssen. Michael Klau\u00df brillierte mit seiner tollen \u00dcbersicht. Aber auch mit Doppelp\u00e4ssen kam der VfB oft vor das SC-Tor. Hier zeichneten sich Jens Schulz und Andreas Przybilla aus. F\u00fcr sehenswerte Einzelaktionen war Marco Ferreira auf der linken Angriffsseite zust\u00e4ndig. B\u00e4renstark spielte auch Rafael Synowiec im defensiven Mittelfeld. Das Chancenverh\u00e4ltnis betrug am Ende 16:3 f\u00fcr die Speldorfer.<\/p>\n<p>Weil die ersatzgeschw\u00e4chten G\u00e4ste sich fast wehrlos ergaben, fielen die Tore zwangsl\u00e4ufig. Und zwei geh\u00f6rten sogar zur Kategorie &#8222;Tor des Monats&#8220;. Beim 2:0 verwandelte Jens Schulz eine Traumvorlage von Klau\u00df (15.). Das 5:0 durch Marco Ferreira (59.) war die Kr\u00f6nung des Spiels. Nach einer Ecke von Przybilla leitete Stefan Jan\u00dfen den Ball auf Ferreira weiter, und der traf mit einem Volleyschuss aus 16 Metern Entfernung in den Winkel.<\/p>\n<p>Zwei Spieler erzielten ihr erstes Saisontor. Verteidiger Christian Fl\u00f6th k\u00fcsste nach dem 3:0 (25.) erst einmal seine Frau. Der A-Jugendliche Volkan Onur traf zum 7:1 (75.). Die \u00fcbrigen Tore verteilten sich auf Cemal Kelle (4:0, 53.) und Birkan Yilmaz (6:0, 75.\/8:1, 89.). Einziger Sch\u00f6nheitsfleck war der Ehrentreffer durch Thomas Tr\u00f6ster zum 1:6 (72.). Doch der st\u00f6rte die Jubelparty am Bl\u00f6tter Weg nur kurz.<\/p>\n","protected":false},"excerpt":{"rendered":"<p>Am 30. April 2005 berichtete ich f\u00fcr die WAZ\/NRZ M\u00fclheim \u00fcber das Fu\u00dfball-Verbandsligaspiel zwischen dem VfB Speldorf und dem SC Kapellen-Erft (8:1). Rein in den Text: An diesen Freitagabend werden sich die Fans des Fu\u00dfball-Verbandsligisten VfB Speldorf noch lange erinnern. &hellip; <a href=\"https:\/\/andreasernst.com\/?p=1198\">Weiterlesen <span class=\"meta-nav\">&rarr;<\/span><\/a><\/p>\n","protected":false},"author":1,"featured_media":0,"comment_status":"open","ping_status":"open","sticky":false,"template":"","format":"standard","meta":{"ngg_post_thumbnail":0,"footnotes":""},"categories":[1,3,60,6,90],"tags":[192,201,195,203],"class_list":["post-1198","post","type-post","status-publish","format-standard","hentry","category-allgemein","category-fusball","category-mulheim","category-ruhrgebiet","category-vfb-speldorf","tag-fusball","tag-mulheim","tag-ruhrgebiet","tag-vfb-speldorf"],"_links":{"self":[{"href":"https:\/\/andreasernst.com\/index.php?rest_route=\/wp\/v2\/posts\/1198","targetHints":{"allow":["GET"]}}],"collection":[{"href":"https:\/\/andreasernst.com\/index.php?rest_route=\/wp\/v2\/posts"}],"about":[{"href":"https:\/\/andreasernst.com\/index.php?rest_route=\/wp\/v2\/types\/post"}],"author":[{"embeddable":true,"href":"https:\/\/andreasernst.com\/index.php?rest_route=\/wp\/v2\/users\/1"}],"replies":[{"embeddable":true,"href":"https:\/\/andreasernst.com\/index.php?rest_route=%2Fwp%2Fv2%2Fcomments&post=1198"}],"version-history":[{"count":1,"href":"https:\/\/andreasernst.com\/index.php?rest_route=\/wp\/v2\/posts\/1198\/revisions"}],"predecessor-version":[{"id":1199,"href":"https:\/\/andreasernst.com\/index.php?rest_route=\/wp\/v2\/posts\/1198\/revisions\/1199"}],"wp:attachment":[{"href":"https:\/\/andreasernst.com\/index.php?rest_route=%2Fwp%2Fv2%2Fmedia&parent=1198"}],"wp:term":[{"taxonomy":"category","embeddable":true,"href":"https:\/\/andreasernst.com\/index.php?rest_route=%2Fwp%2Fv2%2Fcategories&post=1198"},{"taxonomy":"post_tag","embeddable":true,"href":"https:\/\/andreasernst.com\/index.php?rest_route=%2Fwp%2Fv2%2Ftags&post=1198"}],"curies":[{"name":"wp","href":"https:\/\/api.w.org\/{rel}","templated":true}]}}