{"id":1067,"date":"2011-11-13T11:42:02","date_gmt":"2011-11-13T11:42:02","guid":{"rendered":"http:\/\/andreasernst.com\/?p=1067"},"modified":"2011-11-13T11:46:52","modified_gmt":"2011-11-13T11:46:52","slug":"schalke-zwischendurch","status":"publish","type":"post","link":"https:\/\/andreasernst.com\/?p=1067","title":{"rendered":"Schalke zwischendurch"},"content":{"rendered":"<p>Schrieb ich, dass ich freie Tage abbauen will\/soll? F\u00fcr einen Kollegen bin ich am Samstag, 12. November, dann doch eingesprungen und habe den Innendienst \u00fcbernommen &#8211; allerdings am saum\u00e4\u00dfigsten Sporttag des Jahres. Nix war los. Nix. L\u00e4nderspielpause eben, und nicht mal ne Transferperiode oder tolle Testspiele. Zu allem \u00dcberfluss sind Innendienste am Samstag ohnehin eine einsame Angelegenheit, da sich die Print-Kollegen nicht in der Redaktion aufhalten und ihre Online-Texte &#8222;nur&#8220; mailen.<\/p>\n<p>Deshalb bestand der Tag \u00fcberwiegend aus viiielen Mails, den ersten Entw\u00fcrfen f\u00fcr den Dezember\/Januar-Dienstplan (nervt!), einigen Telefonaten und dem Drittliga-TV-Live-Spiel Preu\u00dfen M\u00fcnster gegen Arminia Bielefeld (0:0!!!) im WDR. Ich musste die Leistungen der Schalker Nationalspieler zusammenschreiben, um \u00fcberhaupt ein Schalke-Thema aufs Portal zu bekommen &#8211; und zwar <a href=\"http:\/\/www.derwesten.de\/sport\/fussball\/s04\/so-liefen-die-laenderspiele-fuer-die-schalker-id6068261.html\" target=\"_blank\">hier<\/a>. Gemeinsam mit unserem BVB-Reporter Thorsten Schabelon verfasste ich nach telefonischer Absprache die Einordnung von Marcel Schmelzers Verletzung &#8211; <a href=\"http:\/\/www.derwesten.de\/sport\/fussball\/bvb\/riesenpech-fuer-bvb-linksverteidiger-schmelzer-id6068091.html\" target=\"_blank\">hier<\/a>.<\/p>\n<p>H\u00f6hepunkt des Tages war eindeutig die Hinfahrt &#8211; mit dem Smart im herbstlichen November-Sonnenschein \u00fcber die halbe A42 von Castrop-Rauxel bis Essen-Nord &#8211; quer durch Herne und Gelsenkirchen. Ich liebe das Ruhrgebiet.<\/p>\n","protected":false},"excerpt":{"rendered":"<p>Schrieb ich, dass ich freie Tage abbauen will\/soll? F\u00fcr einen Kollegen bin ich am Samstag, 12. November, dann doch eingesprungen und habe den Innendienst \u00fcbernommen &#8211; allerdings am saum\u00e4\u00dfigsten Sporttag des Jahres. Nix war los. Nix. L\u00e4nderspielpause eben, und nicht &hellip; <a href=\"https:\/\/andreasernst.com\/?p=1067\">Weiterlesen <span class=\"meta-nav\">&rarr;<\/span><\/a><\/p>\n","protected":false},"author":1,"featured_media":0,"comment_status":"open","ping_status":"open","sticky":false,"template":"","format":"standard","meta":{"ngg_post_thumbnail":0,"footnotes":""},"categories":[1,4,3,112,6],"tags":[193,192,195],"class_list":["post-1067","post","type-post","status-publish","format-standard","hentry","category-allgemein","category-fc-schalke-04","category-fusball","category-gelsenkirchen","category-ruhrgebiet","tag-fc-schalke-04","tag-fusball","tag-ruhrgebiet"],"_links":{"self":[{"href":"https:\/\/andreasernst.com\/index.php?rest_route=\/wp\/v2\/posts\/1067","targetHints":{"allow":["GET"]}}],"collection":[{"href":"https:\/\/andreasernst.com\/index.php?rest_route=\/wp\/v2\/posts"}],"about":[{"href":"https:\/\/andreasernst.com\/index.php?rest_route=\/wp\/v2\/types\/post"}],"author":[{"embeddable":true,"href":"https:\/\/andreasernst.com\/index.php?rest_route=\/wp\/v2\/users\/1"}],"replies":[{"embeddable":true,"href":"https:\/\/andreasernst.com\/index.php?rest_route=%2Fwp%2Fv2%2Fcomments&post=1067"}],"version-history":[{"count":4,"href":"https:\/\/andreasernst.com\/index.php?rest_route=\/wp\/v2\/posts\/1067\/revisions"}],"predecessor-version":[{"id":1069,"href":"https:\/\/andreasernst.com\/index.php?rest_route=\/wp\/v2\/posts\/1067\/revisions\/1069"}],"wp:attachment":[{"href":"https:\/\/andreasernst.com\/index.php?rest_route=%2Fwp%2Fv2%2Fmedia&parent=1067"}],"wp:term":[{"taxonomy":"category","embeddable":true,"href":"https:\/\/andreasernst.com\/index.php?rest_route=%2Fwp%2Fv2%2Fcategories&post=1067"},{"taxonomy":"post_tag","embeddable":true,"href":"https:\/\/andreasernst.com\/index.php?rest_route=%2Fwp%2Fv2%2Ftags&post=1067"}],"curies":[{"name":"wp","href":"https:\/\/api.w.org\/{rel}","templated":true}]}}