{"id":228,"date":"2011-09-01T11:34:35","date_gmt":"2011-09-01T11:34:35","guid":{"rendered":"http:\/\/andreasernst.com\/?p=228"},"modified":"2011-10-14T23:34:02","modified_gmt":"2011-10-14T23:34:02","slug":"raul-und-die-racha","status":"publish","type":"post","link":"http:\/\/andreasernst.com\/?p=228","title":{"rendered":"Ra\u00fal und die &#8222;racha&#8220;"},"content":{"rendered":"<p>Aus Freiburg berichtete ich f\u00fcr DerWesten und die WAZ-Lokalredaktion Gelsenkirchen \u00fcber das Bundesligaspiel SC Freiburg gegen FC Schalke 04 (1:2) am f\u00fcnften Spieltag der Saison 2010\/2011.<\/p>\n<p>Zur Schalker Einzelkritik geht es <a href=\"http:\/\/www.derwesten.de\/sport\/Jurado-Matip-und-Huntelaar-beste-Schalker-id3748152.html\" target=\"_blank\">hier<\/a>.<\/p>\n<p>Zu den Stimmen zum Spiel geht es <a href=\"http:\/\/www.derwesten.de\/sport\/fussball\/s04\/Schalke-Trainer-Magath-lobt-Metzelder-und-Matip-id3748241.html\" target=\"_blank\">hier<\/a>.<\/p>\n<p><a href=\"http:\/\/www.derwesten.de\/sport\/fussball\/s04\/Schalkes-Ra-l-hofft-auf-eine-racha-id3748319.html\" target=\"_blank\">Hier<\/a> geht es zu einer Geschichte \u00fcber Ra\u00fals ersten Pflichtspiel-Sieg in K\u00f6nigsblau.<\/p>\n","protected":false},"excerpt":{"rendered":"<p>Aus Freiburg berichtete ich f\u00fcr DerWesten und die WAZ-Lokalredaktion Gelsenkirchen \u00fcber das Bundesligaspiel SC Freiburg gegen FC Schalke 04 (1:2) am f\u00fcnften Spieltag der Saison 2010\/2011. Zur Schalker Einzelkritik geht es hier. Zu den Stimmen zum Spiel geht es hier. &hellip; <a href=\"http:\/\/andreasernst.com\/?p=228\">Weiterlesen <span class=\"meta-nav\">&rarr;<\/span><\/a><\/p>\n","protected":false},"author":1,"featured_media":0,"comment_status":"open","ping_status":"open","sticky":false,"template":"","format":"standard","meta":{"ngg_post_thumbnail":0,"footnotes":""},"categories":[1,4,3,112],"tags":[193,95,33],"class_list":["post-228","post","type-post","status-publish","format-standard","hentry","category-allgemein","category-fc-schalke-04","category-fusball","category-gelsenkirchen","tag-fc-schalke-04","tag-freiburg","tag-raul"],"_links":{"self":[{"href":"http:\/\/andreasernst.com\/index.php?rest_route=\/wp\/v2\/posts\/228","targetHints":{"allow":["GET"]}}],"collection":[{"href":"http:\/\/andreasernst.com\/index.php?rest_route=\/wp\/v2\/posts"}],"about":[{"href":"http:\/\/andreasernst.com\/index.php?rest_route=\/wp\/v2\/types\/post"}],"author":[{"embeddable":true,"href":"http:\/\/andreasernst.com\/index.php?rest_route=\/wp\/v2\/users\/1"}],"replies":[{"embeddable":true,"href":"http:\/\/andreasernst.com\/index.php?rest_route=%2Fwp%2Fv2%2Fcomments&post=228"}],"version-history":[{"count":2,"href":"http:\/\/andreasernst.com\/index.php?rest_route=\/wp\/v2\/posts\/228\/revisions"}],"predecessor-version":[{"id":712,"href":"http:\/\/andreasernst.com\/index.php?rest_route=\/wp\/v2\/posts\/228\/revisions\/712"}],"wp:attachment":[{"href":"http:\/\/andreasernst.com\/index.php?rest_route=%2Fwp%2Fv2%2Fmedia&parent=228"}],"wp:term":[{"taxonomy":"category","embeddable":true,"href":"http:\/\/andreasernst.com\/index.php?rest_route=%2Fwp%2Fv2%2Fcategories&post=228"},{"taxonomy":"post_tag","embeddable":true,"href":"http:\/\/andreasernst.com\/index.php?rest_route=%2Fwp%2Fv2%2Ftags&post=228"}],"curies":[{"name":"wp","href":"https:\/\/api.w.org\/{rel}","templated":true}]}}