{"id":1455,"date":"2011-09-01T12:25:28","date_gmt":"2011-09-01T12:25:28","guid":{"rendered":"http:\/\/andreasernst.com\/?p=1455"},"modified":"2012-01-27T12:33:23","modified_gmt":"2012-01-27T12:33:23","slug":"1-fc-mulheim-vor-abschied","status":"publish","type":"post","link":"http:\/\/andreasernst.com\/?p=1455","title":{"rendered":"1. FC M\u00fclheim vor Abschied"},"content":{"rendered":"<p>F\u00fcr die M\u00fclheimer Woche berichtete ich im Mai 1995 \u00fcber das Fu\u00dfball-Landesligaspiel zwischen dem 1. FC M\u00fclheim und der SSVg Velbert (2:6). Einige Tippfehler (alte\/neue Rechtschreibung) sind korrigiert. Ab (\u2026) wurde der Text mit einer Vorschau aufs n\u00e4chste Spiel sowie ein paar Zeilen \u00fcber den VfB Speldorf fortgesetzt, die ich nicht mitkopiere:<\/p>\n<p><strong>O je, FC! Sang- und klanglos verabschiedet sich derzeit der Fu\u00dfball-Landesligist 1. FC M\u00fclheim aus seiner Gruppe. Durch die 2:6 (1:1)-Schlappe gegen die SSVg Velbert wurde die Tabellensituation noch aussichtsloser. (&#8230;)<\/strong><\/p>\n<p>Zumindest 60 Minuten lang hatten die &#8222;L\u00f6wen&#8220; vor 90 Zuschauern gegen Velbert vor allem k\u00e4mpferisch \u00fcberzeugt und verdient das 1:1 gehalten. Hochscheid (15.) hatte die F\u00fchrung erzielt, Bestler (32.) ausgeglichen. Doch nach Bestlers 1:2 (60.) brachen alle D\u00e4mme: Gerkens (68.), H\u00e4se (70.), Bestler (74.) und Gayk (82.) erh\u00f6hten bei Gelhaars (wundersch\u00f6nem) Gegentor (80.) den Vorsprung auf 6:2. Der FCM bleibt in der Tabelle Vorletzter, hat inzwischen sogar acht Punkte R\u00fcckstand auf einen rettenden Platz.<\/p>\n<p>Die Planungen f\u00fcr die neue Saison laufen bei Spielertrainer Uwe Drillich und den Verantwortlichen auf Hochtouren. Doch auch da gibt es wieder Probleme. Pino Barbera (Sardegna Oberhausen) und Guido Ri\u00dfland (Union?), eigentlich fest eingeplant, werden den Verein verlassen. Bleibt zu hoffen, dass die Stammspieler, die sonst noch Zusagen gegeben haben (zum Beispiel Achim Meyer, Karl-Heinz Hirtz oder Sascha K\u00fcster) nicht auch noch umdenken und abwandern. (&#8230;)<\/p>\n","protected":false},"excerpt":{"rendered":"<p>F\u00fcr die M\u00fclheimer Woche berichtete ich im Mai 1995 \u00fcber das Fu\u00dfball-Landesligaspiel zwischen dem 1. FC M\u00fclheim und der SSVg Velbert (2:6). Einige Tippfehler (alte\/neue Rechtschreibung) sind korrigiert. Ab (\u2026) wurde der Text mit einer Vorschau aufs n\u00e4chste Spiel sowie &hellip; <a href=\"http:\/\/andreasernst.com\/?p=1455\">Weiterlesen <span class=\"meta-nav\">&rarr;<\/span><\/a><\/p>\n","protected":false},"author":1,"featured_media":0,"comment_status":"open","ping_status":"open","sticky":false,"template":"","format":"standard","meta":{"ngg_post_thumbnail":0,"footnotes":""},"categories":[1,3,60,6],"tags":[192,201,195],"class_list":["post-1455","post","type-post","status-publish","format-standard","hentry","category-allgemein","category-fusball","category-mulheim","category-ruhrgebiet","tag-fusball","tag-mulheim","tag-ruhrgebiet"],"_links":{"self":[{"href":"http:\/\/andreasernst.com\/index.php?rest_route=\/wp\/v2\/posts\/1455","targetHints":{"allow":["GET"]}}],"collection":[{"href":"http:\/\/andreasernst.com\/index.php?rest_route=\/wp\/v2\/posts"}],"about":[{"href":"http:\/\/andreasernst.com\/index.php?rest_route=\/wp\/v2\/types\/post"}],"author":[{"embeddable":true,"href":"http:\/\/andreasernst.com\/index.php?rest_route=\/wp\/v2\/users\/1"}],"replies":[{"embeddable":true,"href":"http:\/\/andreasernst.com\/index.php?rest_route=%2Fwp%2Fv2%2Fcomments&post=1455"}],"version-history":[{"count":1,"href":"http:\/\/andreasernst.com\/index.php?rest_route=\/wp\/v2\/posts\/1455\/revisions"}],"predecessor-version":[{"id":1456,"href":"http:\/\/andreasernst.com\/index.php?rest_route=\/wp\/v2\/posts\/1455\/revisions\/1456"}],"wp:attachment":[{"href":"http:\/\/andreasernst.com\/index.php?rest_route=%2Fwp%2Fv2%2Fmedia&parent=1455"}],"wp:term":[{"taxonomy":"category","embeddable":true,"href":"http:\/\/andreasernst.com\/index.php?rest_route=%2Fwp%2Fv2%2Fcategories&post=1455"},{"taxonomy":"post_tag","embeddable":true,"href":"http:\/\/andreasernst.com\/index.php?rest_route=%2Fwp%2Fv2%2Ftags&post=1455"}],"curies":[{"name":"wp","href":"https:\/\/api.w.org\/{rel}","templated":true}]}}